{"id":9978,"date":"2021-03-03T11:35:08","date_gmt":"2021-03-03T10:35:08","guid":{"rendered":"https:\/\/www.austriacult.roma.it\/?p=9978"},"modified":"2021-04-26T09:17:06","modified_gmt":"2021-04-26T07:17:06","slug":"passolaparola-letture-in-lingua-tedesca","status":"publish","type":"post","link":"https:\/\/www.austriacult.roma.it\/de\/passolaparola-letture-in-lingua-tedesca\/","title":{"rendered":"PassoLaParola \u2013 Letture in lingua tedesca"},"content":{"rendered":"<p><\/p>\n<p>Ab 23. M\u00e4rz erwartet Sie wieder deutschsprachige Literatur vom Feinsten! In dieser zweiten Ausgabe von PASSO LA PAROLA lesen acht namhafte AutorInnen aus \u00d6sterreich und Deutschland aus ihren k\u00fcrzlich in italienischer \u00dcbersetzung erschienenen Romanen vor. Jeder Lesung geht eine kurze Einf\u00fchrung durch eine\/n JournalistIn, KritikerIn oder einfach LiteraturliebhaberIn voraus.<\/p>\n<p>#PassoLaParola ist eine Kooperation zwischen dem <a href=\"https:\/\/www.goethe.de\/ins\/it\/de\/kul\/lit\/plp.html\">Goethe-Institut Rom<\/a> und dem \u00d6sterreichischen Kulturforum Rom. Ein neuer Weg zur zeitgen\u00f6ssischen deutschsprachigen Literatur.<\/p>\n<p><iframe loading=\"lazy\" title=\"Trailer KF\" width=\"1170\" height=\"658\" src=\"https:\/\/www.youtube.com\/embed\/bY8kYJbBPjs?feature=oembed\" frameborder=\"0\" allow=\"accelerometer; autoplay; clipboard-write; encrypted-media; gyroscope; picture-in-picture\" allowfullscreen><\/iframe><\/p>\n<p>&nbsp;<\/p>\n<p><span style=\"text-decoration: underline;\">Termine<\/span> (jeweils 18.00 Uhr)<\/p>\n<p>Dienstag, 23. M\u00e4rz \u2013 <a href=\"https:\/\/www.goethe.de\/ins\/it\/it\/kul\/lit\/plp.html\"><strong>Felicitas Hoppe<\/strong><\/a> &#8211; <em>Pigafetta. <\/em>Einf\u00fchrung Paolo Restuccia<\/p>\n<p><a href=\"https:\/\/www.austriacult.roma.it\/de\/veranstaltung\/lora-tra-la-donna-e-la-chitarra-clemens-j-setz\/\">Donnerstag, 25. M\u00e4rz \u2013 <strong>Clemens Setz<\/strong> &#8211; <em>Die Stunde zwischen Frau und Gitarre<\/em>\u00a0 Einf\u00fchrung Luigi Reitani<\/a><\/p>\n<p>Dienstag, 30. M\u00e4rz \u2013 <a href=\"https:\/\/www.goethe.de\/ins\/it\/de\/kul\/lit\/plp.html\"><strong>Terezia Mora<\/strong><\/a> &#8211;<em> Alle Tage.\u00a0<\/em>Einf\u00fchrung Bettina Gabbe<\/p>\n<p><a href=\"https:\/\/www.austriacult.roma.it\/de\/veranstaltung\/e-in-mezzo-io-julya-rabinowich\/\">Donnerstag, 1. April \u2013 <strong>Julya Rabinowich<\/strong> &#8211; <em>Dazwischen:<\/em> ich. Einf\u00fchrung Beate Baumann<\/a><\/p>\n<p>Dienstag, 6. April \u2013 <a href=\"https:\/\/www.goethe.de\/ins\/it\/de\/kul\/lit\/plp.html\"><strong>Ilija Trojanow<\/strong><\/a> &#8211; <em>Der Weltensammler. <\/em>Einf\u00fchrung Helena Janeczek<\/p>\n<p><a href=\"https:\/\/www.austriacult.roma.it\/de\/veranstaltung\/lerba-di-ieri-carolina-schutti\/\">Donnerstag, 8. April \u2013 <strong>Carolina Schutti<\/strong> &#8211; <em>Einmal muss ich \u00fcber weiches Gras gelaufen sein.\u00a0<\/em>Einf\u00fchrung Marco Federici Solari<\/a><\/p>\n<p><a href=\"https:\/\/www.austriacult.roma.it\/de\/veranstaltung\/padre-nostro-angela-lehner\/\">Dienstag, 13. April \u2013 <strong>Angela Lehner<\/strong> &#8211; <em>Vater unser.\u00a0<\/em>Einf\u00fchrung Alessio Pia<\/a><\/p>\n<p>Donnerstag, 15. April\u00a0 \u2013 <a href=\"https:\/\/www.goethe.de\/ins\/it\/de\/kul\/lit\/plp.html\"><strong>Uwe Timm<\/strong><\/a> &#8211; <em>Die Entdeckung der Currywurst.<\/em> Einf\u00fchrung Enrico Arosio<\/p>\n<p>&nbsp;<\/p>\n<p>Die Videos sind auch auf den Youtube-Kan\u00e4len verf\u00fcgbar: <a href=\"https:\/\/www.youtube.com\/channel\/UCgKz2Q0_2NXtz0_D3ukJiUw\">Forum Austriaco di Cultura<\/a> und <a href=\"https:\/\/www.youtube.com\/user\/goetheinstitutrom\/videos\">Goethe Institut Italien<\/a>.<\/p>\n<p>&nbsp;<\/p>\n<p><\/p>","protected":false},"excerpt":{"rendered":"<\/p>\n<p>Ab 23. M\u00e4rz erwartet Sie wieder deutschsprachige Literatur vom Feinsten! In dieser zweiten Ausgabe von PASSO LA PAROLA lesen acht namhafte AutorInnen aus \u00d6sterreich und Deutschland aus ihren k\u00fcrzlich in italienischer \u00dcbersetzung erschienenen Romanen vor. Jeder Lesung geht eine kurze Einf\u00fchrung durch eine\/n JournalistIn, KritikerIn oder einfach LiteraturliebhaberIn voraus.<\/p>\n<p>#PassoLaParola ist eine Kooperation zwischen dem <a href=\"https:\/\/www.goethe.de\/ins\/it\/de\/kul\/lit\/plp.html\">Goethe-Institut Rom<\/a> und dem \u00d6sterreichischen Kulturforum Rom. Ein neuer Weg zur zeitgen\u00f6ssischen deutschsprachigen Literatur.<\/p>\n<\/p>\n<p>&nbsp;<\/p>\n<p>Termine (jeweils 18.00 Uhr)<\/p>\n<p>Dienstag, 23. M\u00e4rz \u2013 <a href=\"https:\/\/www.goethe.de\/ins\/it\/it\/kul\/lit\/plp.html\">Felicitas Hoppe<\/a> &#8211; Pigafetta. [&#8230;]<\/p>\n","protected":false},"author":2,"featured_media":9979,"comment_status":"closed","ping_status":"closed","sticky":false,"template":"","format":"standard","meta":{"_vp_format_video_url":"","_vp_image_focal_point":[],"footnotes":""},"categories":[307],"tags":[],"class_list":["post-9978","post","type-post","status-publish","format-standard","has-post-thumbnail","hentry","category-attualita"],"_links":{"self":[{"href":"https:\/\/www.austriacult.roma.it\/de\/wp-json\/wp\/v2\/posts\/9978","targetHints":{"allow":["GET"]}}],"collection":[{"href":"https:\/\/www.austriacult.roma.it\/de\/wp-json\/wp\/v2\/posts"}],"about":[{"href":"https:\/\/www.austriacult.roma.it\/de\/wp-json\/wp\/v2\/types\/post"}],"author":[{"embeddable":true,"href":"https:\/\/www.austriacult.roma.it\/de\/wp-json\/wp\/v2\/users\/2"}],"replies":[{"embeddable":true,"href":"https:\/\/www.austriacult.roma.it\/de\/wp-json\/wp\/v2\/comments?post=9978"}],"version-history":[{"count":0,"href":"https:\/\/www.austriacult.roma.it\/de\/wp-json\/wp\/v2\/posts\/9978\/revisions"}],"wp:featuredmedia":[{"embeddable":true,"href":"https:\/\/www.austriacult.roma.it\/de\/wp-json\/wp\/v2\/media\/9979"}],"wp:attachment":[{"href":"https:\/\/www.austriacult.roma.it\/de\/wp-json\/wp\/v2\/media?parent=9978"}],"wp:term":[{"taxonomy":"category","embeddable":true,"href":"https:\/\/www.austriacult.roma.it\/de\/wp-json\/wp\/v2\/categories?post=9978"},{"taxonomy":"post_tag","embeddable":true,"href":"https:\/\/www.austriacult.roma.it\/de\/wp-json\/wp\/v2\/tags?post=9978"}],"curies":[{"name":"wp","href":"https:\/\/api.w.org\/{rel}","templated":true}]}}