{"id":9535,"date":"2020-12-04T09:15:26","date_gmt":"2020-12-04T08:15:26","guid":{"rendered":"https:\/\/www.austriacult.roma.it\/?p=9535"},"modified":"2020-12-11T09:13:01","modified_gmt":"2020-12-11T08:13:01","slug":"150-anni-adolf-loos","status":"publish","type":"post","link":"https:\/\/www.austriacult.roma.it\/de\/150-anni-adolf-loos\/","title":{"rendered":"150 Jahre ADOLF LOOS"},"content":{"rendered":"<p><\/p>\n<p style=\"text-align: justify;\">Mit seinem Werk schrieb er Architekturgeschichte: <strong>Adolf Loos<\/strong>, einer der bedeutendsten \u00f6sterreichischen Architekten des 20. Jahrhunderts, gilt als Pionier der Moderne. Heuer j\u00e4hrt sich der Geburtstag des 1933 verstorbenen Meisters zum 150. Mal.<\/p>\n<p>Das \u00d6sterreichische Kulturforum pr\u00e4sentiert aus diesem Anlass eine Reihe von Beitr\u00e4gen, die sein Leben und Werk beleuchten.<\/p>\n<p>&nbsp;<\/p>\n<p style=\"text-align: justify;\"><strong><a href=\"https:\/\/www.austriacult.roma.it\/wp-content\/uploads\/2020\/12\/LOOS-1.jpg\"><img loading=\"lazy\" decoding=\"async\" class=\"wp-image-9583 alignleft\" src=\"https:\/\/www.austriacult.roma.it\/wp-content\/uploads\/2020\/12\/LOOS-1.jpg\" alt=\"\" width=\"327\" height=\"209\" \/><\/a>Adolf Loos (1870-1933) <br \/>\n\u2013 eine Betrachtung von Richard B\u00f6sel<\/strong><\/p>\n<p style=\"text-align: justify;\">Der Kunsthistoriker und fr\u00fchere Direktor des \u00d6sterreichischen Historischen Instituts in Rom, Richard B\u00f6sel, illustriert in seinem Artikel Adolf Loos und seine Rolle innerhalb der klassischen Moderne in Mitteleuropa. Er behandelt darin nicht nur die \u00e4sthetischen Aspekte seiner Bauten, sondern auch die theoretisch-gesellschaftlichen Positionen des vielfach als Revolution\u00e4r betrachteten Architekten.<\/p>\n<p style=\"text-align: justify;\"><span style=\"text-decoration: underline;\"><strong><a href=\"https:\/\/www.austriacult.roma.it\/wp-content\/uploads\/2020\/12\/150-Jahre-Adolf-Loos-dt.pdf\">Lesen Sie hier: &#8222;150 Jahre Adolf Loos&#8220;<\/a><\/strong><\/span> von Richard B\u00f6sel<\/p>\n<p>&nbsp;<\/p>\n<p style=\"text-align: justify;\"><strong><a href=\"https:\/\/www.austriacult.roma.it\/wp-content\/uploads\/2020\/12\/Lina-Loos_kein-copyright-1.jpg\"><img loading=\"lazy\" decoding=\"async\" class=\"wp-image-9587 alignleft\" src=\"https:\/\/www.austriacult.roma.it\/wp-content\/uploads\/2020\/12\/Lina-Loos_kein-copyright-1.jpg\" alt=\"\" width=\"329\" height=\"236\" \/><\/a>Lina Loos (1882\u20131950) <br \/>\n\u2013 eine Lesung von Bettina Rossbacher<\/strong><\/p>\n<p style=\"text-align: justify;\">Bettina Rossbacher &#8211; Profisprecherin, Rezitatorin und Gestalterin literarischer Programme, gestaltet in ihrer literarischen Lesung ein bezauberndes Portr\u00e4t von Lina Loos, deren Todestag sich heuer zum 70. Mal j\u00e4hrt.\u00a0<\/p>\n<p style=\"text-align: justify;\">Erste Ehefrau von Adolf Loos, Vertraute von Egon Friedell, engste Freundin von Franz Theodor Csokor, Angebetete von Peter Altenberg, Muse, sch\u00f6nste Frau von Wien\u2026: Hinter diesen Worten verbirgt sich Lina Loos, eine unkonventionelle Frau, die auf ihre Selbstbestimmtheit und die Wahrnehmung als individuelle Pers\u00f6nlichkeit auf ihre Weise pochte &#8211; mit Witz, pointiertem Schreibstil, scharfer Beobachtungsgabe und eigener Meinung. Neben ihrer Arbeit an vielen renommierten Theaterb\u00fchnen (Wien, Berlin, New York \u2026) ver\u00f6ffentlichte Lina Loos unter anderem ab 1904 laufend Feuilletons in Zeitungen und Zeitschriften. Eine Auswahl davon erschien erstmals 1947 in Buchform (\u201eDas Buch ohne Titel\u201c). Mit Skizzen ihres pers\u00f6nlichen Umfeldes, Anekdoten, Einsichten und Erinnerungen gibt Lina Loos Einblicke in ihr Leben und in das Wien ihrer Zeit.<\/p>\n<p><iframe loading=\"lazy\" title=\"Lina Loos. Eine Begegnung. Eine Videolesung von Bettina Rossbacher (ital. U.)\" src=\"https:\/\/player.vimeo.com\/video\/485908883?dnt=1&amp;app_id=122963\" width=\"1170\" height=\"658\" frameborder=\"0\" allow=\"autoplay; fullscreen\" allowfullscreen><\/iframe><\/p>\n<p>&nbsp;<\/p>\n<p>Das Video ist bis 18. Dezember verf\u00fcgbar, danach erfolgt der Zugang \u00fcber ein Passwort.<br \/>\nBitte Mail an:\u00a0<a href=\"mailto:prenotazione.forumaustriaco@gmail.com\">prenotazione.forumaustriaco@gmail.com<\/a><\/p>\n<p style=\"text-align: justify;\"><span style=\"text-decoration: underline;\">Die n\u00e4chsten Termine<\/span>:<\/p>\n<p style=\"text-align: justify;\"><strong>Symposion \u201eAdolf Loos\u201c im MAXXI \/ Rom\u00a0 &#8211; <\/strong>\u00a0Termin wird sp\u00e4ter bekanntgegeben<\/p>\n<p style=\"text-align: justify;\">Das f\u00fcr Dezember 2020 geplante Symposion zu\u00a0 Adolf Loos im Museum MAXXI musste aus bekannten Gr\u00fcnden auf 2021 verschoben werden. Es findet in Zusammenarbeit mit dem Centro Ceco Roma statt und umfasst auch die Vorf\u00fchrung des <strong>Dokumentarfilms \u201cAdolf Loos &#8211; Vision\u00e4r und Provokateur\u201d.<\/strong><\/p>\n<p>&nbsp;<\/p>\n<p><strong>&#8230;und eine Kuriosit\u00e4t&#8230;<\/strong><\/p>\n<figure id=\"attachment_9589\" aria-describedby=\"caption-attachment-9589\" style=\"width: 300px\" class=\"wp-caption alignleft\"><a href=\"https:\/\/www.austriacult.roma.it\/wp-content\/uploads\/2020\/12\/c_MAK-Wien.jpg\"><img loading=\"lazy\" decoding=\"async\" class=\"size-full wp-image-9589\" src=\"https:\/\/www.austriacult.roma.it\/wp-content\/uploads\/2020\/12\/c_MAK-Wien.jpg\" alt=\"\" width=\"300\" height=\"279\" \/><\/a><figcaption id=\"caption-attachment-9589\" class=\"wp-caption-text\">c_MAK Wien<\/figcaption><\/figure>\n<p style=\"text-align: justify;\">Die von Adolf Loos geplanten R\u00e4ume spiegeln nicht nur praktische Bed\u00fcrfnisse wider, sondern auch die ganz pers\u00f6nlichen Vorstellungen der Auftraggeber. Interessant ist in diesem Zusammenhang das Schlafzimmer, das der ber\u00fchmte Architekt f\u00fcr seine Ehefrau Lina in ihrer Wiener Wohnung entworfen hat (1903): Der Raum ist v\u00f6llig in Wei\u00df gehalten, von den W\u00e4nden \u00fcber die Schr\u00e4nke bis zu den Vorh\u00e4ngen und dem Angorateppich. Die Abgrenzungen der Gegenst\u00e4nde verschwimmen auf feine und sinnliche Art ineinander und \u201espiegeln so die psychologische Funktion der Raumumgebung wider\u201c. (<em>Panayotis Tournikiotis, \u201cAdolf Loos\u201d Princeton Architectural Press 2020, S.36<\/em>).<\/p>\n<p style=\"text-align: justify;\">Eine Rekonstruktion des Schlafzimmers wird in einer Ausstellung im Museum f\u00fcr Angewandte Kunst (MAK) in Wien gezeigt: <a href=\"https:\/\/sammlung.mak.at\/sammlung_online?id=collect-274445\">https:\/\/sammlung.mak.at\/sammlung_online?id=collect-274445<\/a><\/p>\n<p style=\"text-align: justify;\">\u00a0<\/p>\n<p><\/p>","protected":false},"excerpt":{"rendered":"<\/p>\n<p style=\"text-align: justify;\">Mit seinem Werk schrieb er Architekturgeschichte: Adolf Loos, einer der bedeutendsten \u00f6sterreichischen Architekten des 20. Jahrhunderts, gilt als Pionier der Moderne. Heuer j\u00e4hrt sich der Geburtstag des 1933 verstorbenen Meisters zum 150. Mal.<\/p>\n<p>Das \u00d6sterreichische Kulturforum pr\u00e4sentiert aus diesem Anlass eine Reihe von Beitr\u00e4gen, die sein Leben und Werk beleuchten.<\/p>\n<p>&nbsp;<\/p>\n<p style=\"text-align: justify;\"><a href=\"https:\/\/www.austriacult.roma.it\/wp-content\/uploads\/2020\/12\/LOOS-1.jpg\"><\/a>Adolf Loos (1870-1933)<br \/>\n\u2013 eine Betrachtung von Richard B\u00f6sel<\/p>\n<p style=\"text-align: justify;\">Der Kunsthistoriker und fr\u00fchere Direktor des \u00d6sterreichischen Historischen Instituts in Rom, Richard B\u00f6sel, illustriert in seinem Artikel [&#8230;]<\/p>\n","protected":false},"author":2,"featured_media":9536,"comment_status":"closed","ping_status":"closed","sticky":false,"template":"","format":"standard","meta":{"_vp_format_video_url":"","_vp_image_focal_point":[],"footnotes":""},"categories":[307],"tags":[],"class_list":["post-9535","post","type-post","status-publish","format-standard","has-post-thumbnail","hentry","category-attualita"],"_links":{"self":[{"href":"https:\/\/www.austriacult.roma.it\/de\/wp-json\/wp\/v2\/posts\/9535","targetHints":{"allow":["GET"]}}],"collection":[{"href":"https:\/\/www.austriacult.roma.it\/de\/wp-json\/wp\/v2\/posts"}],"about":[{"href":"https:\/\/www.austriacult.roma.it\/de\/wp-json\/wp\/v2\/types\/post"}],"author":[{"embeddable":true,"href":"https:\/\/www.austriacult.roma.it\/de\/wp-json\/wp\/v2\/users\/2"}],"replies":[{"embeddable":true,"href":"https:\/\/www.austriacult.roma.it\/de\/wp-json\/wp\/v2\/comments?post=9535"}],"version-history":[{"count":0,"href":"https:\/\/www.austriacult.roma.it\/de\/wp-json\/wp\/v2\/posts\/9535\/revisions"}],"wp:featuredmedia":[{"embeddable":true,"href":"https:\/\/www.austriacult.roma.it\/de\/wp-json\/wp\/v2\/media\/9536"}],"wp:attachment":[{"href":"https:\/\/www.austriacult.roma.it\/de\/wp-json\/wp\/v2\/media?parent=9535"}],"wp:term":[{"taxonomy":"category","embeddable":true,"href":"https:\/\/www.austriacult.roma.it\/de\/wp-json\/wp\/v2\/categories?post=9535"},{"taxonomy":"post_tag","embeddable":true,"href":"https:\/\/www.austriacult.roma.it\/de\/wp-json\/wp\/v2\/tags?post=9535"}],"curies":[{"name":"wp","href":"https:\/\/api.w.org\/{rel}","templated":true}]}}