{"id":9439,"date":"2020-11-10T16:47:11","date_gmt":"2020-11-10T15:47:11","guid":{"rendered":"https:\/\/www.austriacult.roma.it\/?p=9439"},"modified":"2020-11-11T16:51:19","modified_gmt":"2020-11-11T15:51:19","slug":"schreibart-online","status":"publish","type":"post","link":"https:\/\/www.austriacult.roma.it\/de\/schreibart-online\/","title":{"rendered":"schreibART ONLINE"},"content":{"rendered":"<p><\/p>\n<p style=\"text-align: justify;\">Mit zeitgen\u00f6ssischer \u00f6sterreichischer Literatur verbindet man heute vorrangig die renommierten Autorinnen und Autoren des 20.\/21. Jahrhunderts wie Ingeborg Bachmann, Thomas Bernhard, Elfriede Jelinek und Peter Handke. Die Generation herausragender Schriftstellerinnen und Schriftsteller danach ist jedoch auf gleiche Weise beachtenswert und insbesondere im deutschen Sprachraum sehr erfolgreich.<\/p>\n<p style=\"text-align: justify;\">Das \u00f6sterreichische Au\u00dfenministerium hat deshalb bereits 2012 unter dem Titel schreibART AUSTRIA ein besonderes Programm zur F\u00f6rderung \u00f6sterreichischer Gegenwartsliteratur ins Leben gerufen. Nun liegt Ihnen der dritte Band dieses Programms vor, in dem 16 weitere Autorinnen und Autoren sowie vier LiteraturwissenschaftlerInnen vorgestellt werden.<\/p>\n<p style=\"text-align: justify;\">Im Rahmen von SchreibART, einer Reihe von Online Lesungen ohne Publikum, spricht Manfred M\u00fcller mit \u00f6sterreichischen Autor*innen \u00fcber ihre Arbeit auch kleine Textausschnitte werden gelesen.\u00a0 Die Gespr\u00e4che sind auf YouTube auf Deutsch, optional mit deutschen Untertiteln, verf\u00fcgbar.<\/p>\n<p><a href=\"https:\/\/www.ogl.at\/programm\/aktuelles-programm\/schreibart-online\/\">https:\/\/www.ogl.at\/programm\/aktuelles-programm\/schreibart-online\/<\/a><\/p>\n<p>9.11. Laura Freudenthaler (3sat-Preis 2020, Literaturpreis der Europ\u00e4ischen Union 2019, letzte Ver\u00f6ffentlichung: Geistergeschichte, Droschl Verlag, 2019)<\/p>\n<p style=\"text-align: justify;\">12.11. Nicolaus Mahler (aktuelles Buch, \u201eUlysses\u201c, Comic, Suhrkamp, Frankfurt am Main, 2020, der Schauplatz des Ulysses wurde vom Autor nach Wien verlegt)<\/p>\n<p style=\"text-align: justify;\">18.11. Lydia Mischkulnig (aktuelles Buch, \u201eDie Richterin\u201c, Roman, Haymon, Klagenfurt, 2020)<\/p>\n<p style=\"text-align: justify;\">25.11. Radek Knapp (aktuelles Buch, \u201eVon Zeitlupensymphonien und Marzipantrag\u00f6dien\u201c, Prosa, Amalthea, 2020)<\/p>\n<p style=\"text-align: justify;\">2.12. Birgit Birnbacher (erfolgreiches Buch 2020, \u201eIch an meiner Seite\u201c, Roman, Zsolnay, 2020)<\/p>\n<p style=\"text-align: justify;\">9.12. Rainhard Kaiser M\u00fchlecker (Anton Wildgans-Preis \u2013 Verleihung am 9.12., \u201eEnteignung\u201c, S. Fischer, Frankfurt am Main, 2019)<\/p>\n<p style=\"text-align: justify;\">16.12. Paul Divjak (aktuelles Buch, \u201eDardanella\u201c, Roman, Ritterverlag, Klagenfurt, 2019)<\/p>\n<p style=\"text-align: justify;\">7.1. Ivana Zic (\u201eDie Nachkommende\u201c, Roman, Matthes &amp; Seitz, Berlin, 2019, sowohl f\u00fcr den \u00d6sterreichischen Buchpreisals auch f\u00fcr den Schweizer Buchpreis 2019 nominiert)<\/p>\n<p style=\"text-align: justify;\">16.1. Harald Darer (\u201eBlaumann\u201c, Roman, Picus, 2019, nominiert f\u00fcr den \u00d6sterreichischen Buchpreis)<\/p>\n<p style=\"text-align: justify;\">20.1. Marie Gamillscheg (\u201eAlles was gl\u00e4nzt\u201c, Roman, Luchterhand, M\u00fcnchen, 2018, \u00d6sterreichischer Literaturpreis f\u00fcr das beste Deb\u00fct 2018)<\/p>\n<p style=\"text-align: justify;\">27.1. Semir Insayif (\u201emondasche\u201c, Lyrik, Kleververlag, Wien 2019)<\/p>\n<p style=\"text-align: justify;\">3.2. Andrea Winkler (\u201eDie Frau auf meiner Schulter\u201c, Roman, Zsolnay, 2018)<\/p>\n<p style=\"text-align: justify;\">10.2. Margit Schreiner (\u201eSind Sie eigentlich fit genug?\u201c, Essays, Sch\u00f6ffling, Frankfurt am Main 2019)<\/p>\n<p style=\"text-align: justify;\">17.2. Teresa Pr\u00e4auer (\u201eOh Schimmi\u201c, Roman, Wallenstein, G\u00f6ttingen 2016, \u201eTiere werden\u201c, Roman, Wallenstein, G\u00f6ttingen, 2018)<\/p>\n<p style=\"text-align: justify;\">24.2. Robert Prosser (\u201eBeirut im Sommer. Journal\u201c, Essay, Klever Verlag, Wien, 2020)<\/p>\n<p style=\"text-align: justify;\">Au\u00dferdem sind auf der Website der \u00d6sterreichischen Gesellschaft f\u00fcr Literatur noch Lesungen der Reihe SchreibART2 verf\u00fcgbar, darunter bereits die von uns auf Facebook geteilten von Anna Kim, Michael Stavari\u010d, Anja Utler, Susanne Gregor, Erwin Einzinger, Anna Weidenholzer, Lisa Spalt, Milena Michiko Fla\u0161ar, Daniel Wisser, Carolina Schutti, Karin Peschka und Dimitr\u00e9 Dinev. Zwei weitere kommen 2021 hinzu:<\/p>\n<p style=\"text-align: justify;\">03.03.2021 Barbie Markovic (\u201eSuperheldinnen\u201c, Roman, Residenz Verlag, 2016)<\/p>\n<p style=\"text-align: justify;\">10.03.2021 Kathrin R\u00f6ggla<\/p>\n<p style=\"text-align: justify;\">\u00a0<\/p>\n<p><\/p>","protected":false},"excerpt":{"rendered":"<\/p>\n<p style=\"text-align: justify;\">Mit zeitgen\u00f6ssischer \u00f6sterreichischer Literatur verbindet man heute vorrangig die renommierten Autorinnen und Autoren des 20.\/21. Jahrhunderts wie Ingeborg Bachmann, Thomas Bernhard, Elfriede Jelinek und Peter Handke. Die Generation herausragender Schriftstellerinnen und Schriftsteller danach ist jedoch auf gleiche Weise beachtenswert und insbesondere im deutschen Sprachraum sehr erfolgreich.<\/p>\n<p style=\"text-align: justify;\">Das \u00f6sterreichische Au\u00dfenministerium hat deshalb bereits 2012 unter dem Titel schreibART AUSTRIA ein besonderes Programm zur F\u00f6rderung \u00f6sterreichischer Gegenwartsliteratur ins Leben gerufen. Nun liegt Ihnen der dritte Band dieses Programms vor, [&#8230;]<\/p>\n","protected":false},"author":2,"featured_media":9457,"comment_status":"closed","ping_status":"closed","sticky":false,"template":"","format":"standard","meta":{"_vp_format_video_url":"","_vp_image_focal_point":[],"footnotes":""},"categories":[307],"tags":[],"class_list":["post-9439","post","type-post","status-publish","format-standard","has-post-thumbnail","hentry","category-attualita"],"_links":{"self":[{"href":"https:\/\/www.austriacult.roma.it\/de\/wp-json\/wp\/v2\/posts\/9439","targetHints":{"allow":["GET"]}}],"collection":[{"href":"https:\/\/www.austriacult.roma.it\/de\/wp-json\/wp\/v2\/posts"}],"about":[{"href":"https:\/\/www.austriacult.roma.it\/de\/wp-json\/wp\/v2\/types\/post"}],"author":[{"embeddable":true,"href":"https:\/\/www.austriacult.roma.it\/de\/wp-json\/wp\/v2\/users\/2"}],"replies":[{"embeddable":true,"href":"https:\/\/www.austriacult.roma.it\/de\/wp-json\/wp\/v2\/comments?post=9439"}],"version-history":[{"count":0,"href":"https:\/\/www.austriacult.roma.it\/de\/wp-json\/wp\/v2\/posts\/9439\/revisions"}],"wp:featuredmedia":[{"embeddable":true,"href":"https:\/\/www.austriacult.roma.it\/de\/wp-json\/wp\/v2\/media\/9457"}],"wp:attachment":[{"href":"https:\/\/www.austriacult.roma.it\/de\/wp-json\/wp\/v2\/media?parent=9439"}],"wp:term":[{"taxonomy":"category","embeddable":true,"href":"https:\/\/www.austriacult.roma.it\/de\/wp-json\/wp\/v2\/categories?post=9439"},{"taxonomy":"post_tag","embeddable":true,"href":"https:\/\/www.austriacult.roma.it\/de\/wp-json\/wp\/v2\/tags?post=9439"}],"curies":[{"name":"wp","href":"https:\/\/api.w.org\/{rel}","templated":true}]}}