{"id":8115,"date":"2020-04-07T11:36:04","date_gmt":"2020-04-07T09:36:04","guid":{"rendered":"https:\/\/www.austriacult.roma.it\/?p=8115"},"modified":"2020-09-14T12:41:32","modified_gmt":"2020-09-14T10:41:32","slug":"iorestoacasa","status":"publish","type":"post","link":"https:\/\/www.austriacult.roma.it\/de\/iorestoacasa\/","title":{"rendered":"#iorestoacasa"},"content":{"rendered":"<p><\/p>\n<p>Die Ma\u00dfnahmen aufgrund von COVID-19 machen es unm\u00f6glich, unser geplantes Programm am Kulturforum durchzuf\u00fchren. Trotz der schwierigen Situation sollen Sie aber nicht auf \u00f6sterreichische Kunst und Kultur verzichten.<br \/>\nGenie\u00dfen Sie jeden Donnerstag eine neue Ausgabe der &#8222;Sofakonzerte&#8220;, die \u00f6sterreichische Musiker und Musikerinnen zu Hause exklusiv f\u00fcr das Kulturforum aufgenommen haben.\u00a0 #ConcertiSulSof\u00e0 finden Sie online auf unserer Homepage, auf der Facebook-Seite und auf unserem Youtube-Kanal. Viel Vergn\u00fcgen!<\/p>\n<p>Termine (jeden Donnerstag um 18.00):<\/p>\n<p>16. April 2020\u00a0 \u00a0 <a href=\"https:\/\/www.austriacult.roma.it\/de\/veranstaltung\/sinfonia-de-carnaval\/\"><strong>Sinfonia De Carnaval<\/strong><\/a><br \/>\n23. April 2020\u00a0 \u00a0 <a href=\"https:\/\/www.austriacult.roma.it\/de\/veranstaltung\/vila-madalena\/\"><strong>Vila Madalena<\/strong><\/a><br \/>\n27. April 2020\u00a0 \u00a0 <a href=\"https:\/\/www.austriacult.roma.it\/de\/veranstaltung\/paier-valcic\/\"><strong>Paier &amp; Valcic<\/strong><\/a><br \/>\n30. April 2020\u00a0 \u00a0 <strong><a href=\"https:\/\/www.austriacult.roma.it\/de\/veranstaltung\/ramsch-rosen\/\">Ramsch &amp; Rosen<\/a><br \/>\n<\/strong>07. Mai 2020\u00a0 \u00a0 \u00a0<strong><a href=\"https:\/\/www.austriacult.roma.it\/de\/veranstaltung\/monika-stadler\/\">Monika Stadler<\/a><br \/>\n<\/strong>14. Mai 2020\u00a0 \u00a0 \u00a0<a href=\"https:\/\/www.austriacult.roma.it\/de\/veranstaltung\/manu-delago\/\"><strong>Manu Delago und Claudia Delago-Norz<\/strong><\/a><br \/>\n21. Mai 2020\u00a0 \u00a0 \u00a0<strong>Tubonika<\/strong><br \/>\n28. Mai 2020\u00a0 \u00a0 \u00a0<a href=\"https:\/\/www.austriacult.roma.it\/de\/veranstaltung\/insieme-erstes-wiener-heimorgelorchester\/\"><strong>Erstes Wiener Heimorgel-Orchester<\/strong><\/a><\/p>\n<p>04. Juni 2020\u00a0 \u00a0 <strong>BartolomeyBittmann<\/strong><br \/>\n11. Juni 2020\u00a0 \u00a0 <a href=\"https:\/\/www.austriacult.roma.it\/de\/veranstaltung\/tribidabo\/\"><strong>Tribidabo<\/strong><\/a><br \/>\n18. Juni 2020\u00a0 \u00a0 <a href=\"https:\/\/www.austriacult.roma.it\/de\/evento\/sara-filipova\/\"><strong>Sara Filipova<\/strong><\/a><br \/>\n25. Juni 2020\u00a0 \u00a0 <a href=\"https:\/\/www.austriacult.roma.it\/de\/veranstaltung\/holler-my-dear\/\"><strong>Holler My Dear<\/strong><\/a><br \/>\n02. Juli 2020\u00a0 \u00a0 \u00a0<strong>\u00c0ngela Tr\u00f6ndle &amp; Pippo Corvino<\/strong><\/p>\n<p>Die Videoaufnahmen sind unter den einzelnen Veranstaltungs-Eintr\u00e4gen ab 18.00 Uhr zu sehen und bleiben f\u00fcr jeweils eine Woche verf\u00fcgbar.\u00a0<\/p>\n<p><em>\u00a9 Foto: Barbara Brandst\u00e4tter<\/em><\/p>\n<p><\/p>","protected":false},"excerpt":{"rendered":"<\/p>\n<p>Die Ma\u00dfnahmen aufgrund von COVID-19 machen es unm\u00f6glich, unser geplantes Programm am Kulturforum durchzuf\u00fchren. Trotz der schwierigen Situation sollen Sie aber nicht auf \u00f6sterreichische Kunst und Kultur verzichten.<br \/>\nGenie\u00dfen Sie jeden Donnerstag eine neue Ausgabe der &#8222;Sofakonzerte&#8220;, die \u00f6sterreichische Musiker und Musikerinnen zu Hause exklusiv f\u00fcr das Kulturforum aufgenommen haben.\u00a0 #ConcertiSulSof\u00e0 finden Sie online auf unserer Homepage, auf der Facebook-Seite und auf unserem Youtube-Kanal. Viel Vergn\u00fcgen!<\/p>\n<p>Termine (jeden Donnerstag um 18.00):<\/p>\n<p>16. April 2020\u00a0 \u00a0 <a href=\"https:\/\/www.austriacult.roma.it\/de\/veranstaltung\/sinfonia-de-carnaval\/\">Sinfonia De Carnaval<\/a><br \/>\n23. April 2020\u00a0 [&#8230;]<\/p>\n","protected":false},"author":2,"featured_media":8122,"comment_status":"closed","ping_status":"closed","sticky":false,"template":"","format":"standard","meta":{"_vp_format_video_url":"","_vp_image_focal_point":[],"footnotes":""},"categories":[307],"tags":[],"class_list":["post-8115","post","type-post","status-publish","format-standard","has-post-thumbnail","hentry","category-attualita"],"_links":{"self":[{"href":"https:\/\/www.austriacult.roma.it\/de\/wp-json\/wp\/v2\/posts\/8115","targetHints":{"allow":["GET"]}}],"collection":[{"href":"https:\/\/www.austriacult.roma.it\/de\/wp-json\/wp\/v2\/posts"}],"about":[{"href":"https:\/\/www.austriacult.roma.it\/de\/wp-json\/wp\/v2\/types\/post"}],"author":[{"embeddable":true,"href":"https:\/\/www.austriacult.roma.it\/de\/wp-json\/wp\/v2\/users\/2"}],"replies":[{"embeddable":true,"href":"https:\/\/www.austriacult.roma.it\/de\/wp-json\/wp\/v2\/comments?post=8115"}],"version-history":[{"count":0,"href":"https:\/\/www.austriacult.roma.it\/de\/wp-json\/wp\/v2\/posts\/8115\/revisions"}],"wp:featuredmedia":[{"embeddable":true,"href":"https:\/\/www.austriacult.roma.it\/de\/wp-json\/wp\/v2\/media\/8122"}],"wp:attachment":[{"href":"https:\/\/www.austriacult.roma.it\/de\/wp-json\/wp\/v2\/media?parent=8115"}],"wp:term":[{"taxonomy":"category","embeddable":true,"href":"https:\/\/www.austriacult.roma.it\/de\/wp-json\/wp\/v2\/categories?post=8115"},{"taxonomy":"post_tag","embeddable":true,"href":"https:\/\/www.austriacult.roma.it\/de\/wp-json\/wp\/v2\/tags?post=8115"}],"curies":[{"name":"wp","href":"https:\/\/api.w.org\/{rel}","templated":true}]}}