{"id":5421,"date":"2018-11-09T16:28:58","date_gmt":"2018-11-09T15:28:58","guid":{"rendered":"https:\/\/www.austriacult.roma.it\/de\/?p=5421"},"modified":"2019-10-08T15:02:14","modified_gmt":"2019-10-08T13:02:14","slug":"immaginare-e-vivere-il-femminile-nella-vienna-di-fine-secolo","status":"publish","type":"post","link":"https:\/\/www.austriacult.roma.it\/de\/frauenbild-und-leben-im-wien-der-jahrhundertwende\/","title":{"rendered":"Frauenbild und -leben im Wien der Jahrhundertwende"},"content":{"rendered":"<p><\/p>\n<p>Kulturelle und p\u00e4dagogische Weiterbildung f\u00fcr Lehrkr\u00e4fte der Oberstufe zum Thema \u201eFrauenbild und -leben im Wien der Jahrhundertwende\u201c. Organisation: Ester Saletta, PhD. in Deutscher Philologie.<\/p>\n<p>Der Lehrgang m\u00f6chte durch multi- und interdisziplin\u00e4re sowie multimediale und f\u00e4cher\u00fcbergreifende Ans\u00e4tze die Diskussion \u00fcber \u201cKonstruktion\/Dekonstruktion\u201d der neuen Geschlechterkonzeption in Literatur, Philosophie, Geschichte, Kunst, Musik und Mode im Europa der zu Ende gehenden Monarchie (1890-1919) anregen.<\/p>\n<p>Dies geschieht dadurch, dass sie einerseits als historische und soziale Kategorie behandelt wird, die die einschneidenden Ver\u00e4nderungen im Wien des sp\u00e4ten 19. und fr\u00fchen 20. Jahrhunderts widerspiegelt, und andererseits als kulturelles, psychologisches und psychoanalytisches Motiv, das in bedeutenden Werken des literarischen und k\u00fcnstlerischen Schaffens, in Operette und Mode in Wien zu finden ist.<\/p>\n<p><strong>Information: <\/strong><\/p>\n<p><span style=\"color: #3366ff;\"><a style=\"color: #3366ff;\" href=\"https:\/\/www.austriacult.roma.it\/wp-content\/uploads\/2018\/11\/Programma-e-calendario-1.pdf\">Programma e calendario<\/a> <\/span><\/p>\n<p><span style=\"color: #3366ff;\"><a style=\"color: #3366ff;\" href=\"https:\/\/www.austriacult.roma.it\/wp-content\/uploads\/2018\/11\/Immaginare-e-Vivere-il-femminile-nella-Vienna-di-Fine-Secolo-1.pdf\">Flyer Immaginare e Vivere il femminile nella Vienna di Fine Secolo<\/a><\/span><\/p>\n<p><\/p>","protected":false},"excerpt":{"rendered":"<\/p>\n<p>Kulturelle und p\u00e4dagogische Weiterbildung f\u00fcr Lehrkr\u00e4fte der Oberstufe zum Thema \u201eFrauenbild und -leben im Wien der Jahrhundertwende\u201c. Organisation: Ester Saletta, PhD. in Deutscher Philologie.<\/p>\n<p>Der Lehrgang m\u00f6chte durch multi- und interdisziplin\u00e4re sowie multimediale und f\u00e4cher\u00fcbergreifende Ans\u00e4tze die Diskussion \u00fcber \u201cKonstruktion\/Dekonstruktion\u201d der neuen Geschlechterkonzeption in Literatur, Philosophie, Geschichte, Kunst, Musik und Mode im Europa der zu Ende gehenden Monarchie (1890-1919) anregen.<\/p>\n<p>Dies geschieht dadurch, dass sie einerseits als historische und soziale Kategorie behandelt wird, die die einschneidenden Ver\u00e4nderungen im Wien des sp\u00e4ten 19. [&#8230;]<\/p>\n","protected":false},"author":2,"featured_media":5321,"comment_status":"closed","ping_status":"closed","sticky":false,"template":"","format":"standard","meta":{"_vp_format_video_url":"","_vp_image_focal_point":[],"footnotes":""},"categories":[35],"tags":[],"class_list":["post-5421","post","type-post","status-publish","format-standard","has-post-thumbnail","hentry","category-retrospettiva"],"_links":{"self":[{"href":"https:\/\/www.austriacult.roma.it\/de\/wp-json\/wp\/v2\/posts\/5421","targetHints":{"allow":["GET"]}}],"collection":[{"href":"https:\/\/www.austriacult.roma.it\/de\/wp-json\/wp\/v2\/posts"}],"about":[{"href":"https:\/\/www.austriacult.roma.it\/de\/wp-json\/wp\/v2\/types\/post"}],"author":[{"embeddable":true,"href":"https:\/\/www.austriacult.roma.it\/de\/wp-json\/wp\/v2\/users\/2"}],"replies":[{"embeddable":true,"href":"https:\/\/www.austriacult.roma.it\/de\/wp-json\/wp\/v2\/comments?post=5421"}],"version-history":[{"count":0,"href":"https:\/\/www.austriacult.roma.it\/de\/wp-json\/wp\/v2\/posts\/5421\/revisions"}],"wp:featuredmedia":[{"embeddable":true,"href":"https:\/\/www.austriacult.roma.it\/de\/wp-json\/wp\/v2\/media\/5321"}],"wp:attachment":[{"href":"https:\/\/www.austriacult.roma.it\/de\/wp-json\/wp\/v2\/media?parent=5421"}],"wp:term":[{"taxonomy":"category","embeddable":true,"href":"https:\/\/www.austriacult.roma.it\/de\/wp-json\/wp\/v2\/categories?post=5421"},{"taxonomy":"post_tag","embeddable":true,"href":"https:\/\/www.austriacult.roma.it\/de\/wp-json\/wp\/v2\/tags?post=5421"}],"curies":[{"name":"wp","href":"https:\/\/api.w.org\/{rel}","templated":true}]}}