{"id":23261,"date":"2025-04-14T10:27:24","date_gmt":"2025-04-14T08:27:24","guid":{"rendered":"https:\/\/www.austriacult.roma.it\/?p=23261"},"modified":"2026-03-13T15:53:29","modified_gmt":"2026-03-13T14:53:29","slug":"interncultural-achievement-award-2025","status":"publish","type":"post","link":"https:\/\/www.austriacult.roma.it\/de\/interncultural-achievement-award-2025\/","title":{"rendered":"INTERCULTURAL ACHIEVEMENT AWARD 2026"},"content":{"rendered":"<p><\/p>\n<p>Der \u201eIntercultural Achievement Award \u201c, der nun schon zum dreizehnten Mal vergeben wird, hat sich als wertvoller Beitrag zur F\u00f6rderung des Dialogs zwischen den Kulturen und Religionen erwiesen.<\/p>\n<p>Der Wettbewerb richtet sich an interkulturelle und interreligi\u00f6se Projekte in den Bereichen Kunst und Kultur, Jugend, Menschenrechte, Weltb\u00fcrgerschaft, Integration und Gleichstellung der Geschlechter. Auch Medien, die sich f\u00fcr die F\u00f6rderung des interkulturellen und interreligi\u00f6sen Dialogs einsetzen, werden ausgezeichnet.<\/p>\n<p>Dies sind die verschiedenen Preiskategorien auf internationaler Ebene:<\/p>\n<ul>\n<li>Nachhaltigkeit<\/li>\n<li>Aktualit\u00e4t<\/li>\n<li>Technologie<\/li>\n<li>Innovation<\/li>\n<li>Medien<\/li>\n<li>Religionsfreiheit<\/li>\n<\/ul>\n<p><strong>\u00a0<\/strong><\/p>\n<p><strong>Einreichungsfrist: 31. M\u00e4rz 2026<\/strong><\/p>\n<p>\u00dcbermittlung der Bewerbung via E-Mail an <a href=\"mailto:iaa@bmeia.gv.at\">iaa@bmeia.gv.at<\/a><\/p>\n<p style=\"text-align: justify;\"><a href=\"https:\/\/www.austriacult.roma.it\/wp-content\/uploads\/2025\/04\/IAA_2026_application_form.docx\">IAA_2026_application_form.docx<\/a><\/p>\n<p><a href=\"https:\/\/www.austriacult.roma.it\/wp-content\/uploads\/2025\/04\/Ausschreibungstext_Deutsch_2026.doc\">Ausschreibungstext_Deutsch_2026<\/a><\/p>\n<p>&nbsp;<\/p>\n<p style=\"text-align: justify;\">Weitere Informationen finden Sie auf der folgenden Website: <a href=\"http:\/\/www.intercultural-achievement.com\/\">www.intercultural-achievement.com<\/a><\/p>\n<p><\/p>","protected":false},"excerpt":{"rendered":"<\/p>\n<p>Der \u201eIntercultural Achievement Award \u201c, der nun schon zum dreizehnten Mal vergeben wird, hat sich als wertvoller Beitrag zur F\u00f6rderung des Dialogs zwischen den Kulturen und Religionen erwiesen.<\/p>\n<p>Der Wettbewerb richtet sich an interkulturelle und interreligi\u00f6se Projekte in den Bereichen Kunst und Kultur, Jugend, Menschenrechte, Weltb\u00fcrgerschaft, Integration und Gleichstellung der Geschlechter. Auch Medien, die sich f\u00fcr die F\u00f6rderung des interkulturellen und interreligi\u00f6sen Dialogs einsetzen, werden ausgezeichnet.<\/p>\n<p>Dies sind die verschiedenen Preiskategorien auf internationaler Ebene:<\/p>\n<p>Nachhaltigkeit<br \/>\nAktualit\u00e4t<br \/>\nTechnologie<br \/>\nInnovation<br \/>\nMedien<br \/>\nReligionsfreiheit<\/p>\n<p>\u00a0<\/p>\n<p>Einreichungsfrist: 31. M\u00e4rz 2026<\/p>\n<p>\u00dcbermittlung [&#8230;]<\/p>\n","protected":false},"author":2,"featured_media":0,"comment_status":"closed","ping_status":"closed","sticky":false,"template":"","format":"aside","meta":{"_vp_format_video_url":"","_vp_image_focal_point":[],"footnotes":""},"categories":[34],"tags":[],"class_list":["post-23261","post","type-post","status-publish","format-aside","hentry","category-bandiconcorsi","post_format-post-format-aside"],"_links":{"self":[{"href":"https:\/\/www.austriacult.roma.it\/de\/wp-json\/wp\/v2\/posts\/23261","targetHints":{"allow":["GET"]}}],"collection":[{"href":"https:\/\/www.austriacult.roma.it\/de\/wp-json\/wp\/v2\/posts"}],"about":[{"href":"https:\/\/www.austriacult.roma.it\/de\/wp-json\/wp\/v2\/types\/post"}],"author":[{"embeddable":true,"href":"https:\/\/www.austriacult.roma.it\/de\/wp-json\/wp\/v2\/users\/2"}],"replies":[{"embeddable":true,"href":"https:\/\/www.austriacult.roma.it\/de\/wp-json\/wp\/v2\/comments?post=23261"}],"version-history":[{"count":5,"href":"https:\/\/www.austriacult.roma.it\/de\/wp-json\/wp\/v2\/posts\/23261\/revisions"}],"predecessor-version":[{"id":25647,"href":"https:\/\/www.austriacult.roma.it\/de\/wp-json\/wp\/v2\/posts\/23261\/revisions\/25647"}],"wp:attachment":[{"href":"https:\/\/www.austriacult.roma.it\/de\/wp-json\/wp\/v2\/media?parent=23261"}],"wp:term":[{"taxonomy":"category","embeddable":true,"href":"https:\/\/www.austriacult.roma.it\/de\/wp-json\/wp\/v2\/categories?post=23261"},{"taxonomy":"post_tag","embeddable":true,"href":"https:\/\/www.austriacult.roma.it\/de\/wp-json\/wp\/v2\/tags?post=23261"}],"curies":[{"name":"wp","href":"https:\/\/api.w.org\/{rel}","templated":true}]}}