{"id":23214,"date":"2025-03-24T11:59:16","date_gmt":"2025-03-24T10:59:16","guid":{"rendered":"https:\/\/www.austriacult.roma.it\/?p=23214"},"modified":"2026-03-26T16:35:23","modified_gmt":"2026-03-26T15:35:23","slug":"internationale-sommerakademie-fur-bildende-kunst-salzburg-bando-3","status":"publish","type":"post","link":"https:\/\/www.austriacult.roma.it\/de\/internationale-sommerakademie-fur-bildende-kunst-salzburg-ausschreibung-2\/","title":{"rendered":"INTERNATIONALE SOMMERAKADEMIE F\u00dcR BILDENDE KUNST SALZBURG | Ausschreibung"},"content":{"rendered":"<p><\/p>\n<p>Ausgeschrieben sind Stipendien f\u00fcr das Programm 2026 der <em>Internationalen Sommerakademie f\u00fcr Bildende Kunst Salzburg<\/em>.<\/p>\n<p>Die <em>Sommerakademie<\/em>, 1953 als \u201cSchule des Sehens\u201d von Oskar Kokoschka gegr\u00fcndet, gilt als \u00e4lteste ihrer Art in Europa. Jedes Jahr nehmen rund 300 Studierende aus mehr als 50 L\u00e4ndern an den Kursen teil.<\/p>\n<p>Das Thema des diesj\u00e4hrigen Lehrprogramms, \u201c<strong>Common Ground<\/strong>\u201d wird in 21 Kursen umgesetzt.<\/p>\n<p>Lehrk\u00f6rper 2026: Moj\u00e9 Assefjah (Malerei), Mirela Baciak \/ Denis Maksimov (Lecture Performance), Biennale Urbana (Architektur \/ Urbanismus), Walter Bruno Brix (Freies N\u00e4hen \/ Sticken), Rossen Daskalov (Druckgrafik), Louisa Elderton (Kunstkritik \/ Schreiben), Julie Hayward (Skulptur \/ Objekt \/ Installation), Benjamin Hirte (Skulptur), Thalia Hoffman \/ Manar Zuabi (Food Art \/ Performance \/ Mixed-Media), Christian Macketanz (Malerei), Pablo Mart\u00ednez-Z\u00e1rate (Film \/ Video \/ Sound \/ Installation \/ Interactive Media), Christian Kosmas Mayer (Skulptur \/ Installation \/ Mixed-Media), Peter Miller (analoger Film), Stephie Morawetz (Schmuckkunst \/ Performance), Taiwo Jacob Ojudun \/ Uche Emmanuel Enechukwu (Performance \/ Tanz \/ Theater \/ Mixed Media), Elizabeth Pich (Comic \/ Zeichnung), Mafalda Rako\u0161 (Fotografie), Heinz Riegler (Sound \/ Installation \/ Video \/ Mixed Media), Curtis Talwst Santiago (Malerei \/ Sound), Christian Schwarzwald (Zeichnung), Hannah Tilson \/ Otis Blease (Siebdruck).<\/p>\n<p>&nbsp;<\/p>\n<p>Deadline f\u00fcr die Teilnahme an der Ausschreibung: <strong>07.04.2026<\/strong><\/p>\n<p><span style=\"text-decoration: underline;\"><span style=\"color: #0000ff;\"><a style=\"color: #0000ff; text-decoration: underline;\" href=\"https:\/\/www.austriacult.roma.it\/wp-content\/uploads\/2025\/03\/Open-Call_Stipendien-2026_de.pdf\">Stipendienausschreibung<\/a><\/span><\/span><\/p>\n<p>&nbsp;<\/p>\n<p>F\u00fcr weitere Informationen:<\/p>\n<p><span style=\"text-decoration: underline;\"><span style=\"color: #0000ff;\"><a style=\"color: #0000ff; text-decoration: underline;\" href=\"https:\/\/www.austriacult.roma.it\/wp-content\/uploads\/2025\/03\/Flyer-2026-Kurse-Email_.pdf\">Flyer<\/a><\/span><\/span><\/p>\n<p>Web: <span style=\"text-decoration: underline;\"><span style=\"color: #0000ff; text-decoration: underline;\"><a style=\"color: #0000ff; text-decoration: underline;\" href=\"https:\/\/www.summeracademy.at\/\">https:\/\/www.summeracademy.at<\/a>\u00a0<\/span><\/span><\/p>\n<p>&nbsp;<\/p>\n<p><\/p>","protected":false},"excerpt":{"rendered":"<\/p>\n<p>Ausgeschrieben sind Stipendien f\u00fcr das Programm 2026 der Internationalen Sommerakademie f\u00fcr Bildende Kunst Salzburg.<\/p>\n<p>Die Sommerakademie, 1953 als \u201cSchule des Sehens\u201d von Oskar Kokoschka gegr\u00fcndet, gilt als \u00e4lteste ihrer Art in Europa. Jedes Jahr nehmen rund 300 Studierende aus mehr als 50 L\u00e4ndern an den Kursen teil.<\/p>\n<p>Das Thema des diesj\u00e4hrigen Lehrprogramms, \u201cCommon Ground\u201d wird in 21 Kursen umgesetzt.<\/p>\n<p>Lehrk\u00f6rper 2026: Moj\u00e9 Assefjah (Malerei), Mirela Baciak \/ Denis Maksimov (Lecture Performance), Biennale Urbana (Architektur \/ Urbanismus), Walter Bruno Brix (Freies N\u00e4hen \/ Sticken), [&#8230;]<\/p>\n","protected":false},"author":2,"featured_media":0,"comment_status":"closed","ping_status":"closed","sticky":false,"template":"","format":"aside","meta":{"_vp_format_video_url":"","_vp_image_focal_point":[],"footnotes":""},"categories":[34],"tags":[],"class_list":["post-23214","post","type-post","status-publish","format-aside","hentry","category-bandiconcorsi","post_format-post-format-aside"],"_links":{"self":[{"href":"https:\/\/www.austriacult.roma.it\/de\/wp-json\/wp\/v2\/posts\/23214","targetHints":{"allow":["GET"]}}],"collection":[{"href":"https:\/\/www.austriacult.roma.it\/de\/wp-json\/wp\/v2\/posts"}],"about":[{"href":"https:\/\/www.austriacult.roma.it\/de\/wp-json\/wp\/v2\/types\/post"}],"author":[{"embeddable":true,"href":"https:\/\/www.austriacult.roma.it\/de\/wp-json\/wp\/v2\/users\/2"}],"replies":[{"embeddable":true,"href":"https:\/\/www.austriacult.roma.it\/de\/wp-json\/wp\/v2\/comments?post=23214"}],"version-history":[{"count":8,"href":"https:\/\/www.austriacult.roma.it\/de\/wp-json\/wp\/v2\/posts\/23214\/revisions"}],"predecessor-version":[{"id":25805,"href":"https:\/\/www.austriacult.roma.it\/de\/wp-json\/wp\/v2\/posts\/23214\/revisions\/25805"}],"wp:attachment":[{"href":"https:\/\/www.austriacult.roma.it\/de\/wp-json\/wp\/v2\/media?parent=23214"}],"wp:term":[{"taxonomy":"category","embeddable":true,"href":"https:\/\/www.austriacult.roma.it\/de\/wp-json\/wp\/v2\/categories?post=23214"},{"taxonomy":"post_tag","embeddable":true,"href":"https:\/\/www.austriacult.roma.it\/de\/wp-json\/wp\/v2\/tags?post=23214"}],"curies":[{"name":"wp","href":"https:\/\/api.w.org\/{rel}","templated":true}]}}