{"id":22119,"date":"2024-10-24T12:13:51","date_gmt":"2024-10-24T10:13:51","guid":{"rendered":"https:\/\/www.austriacult.roma.it\/?p=22119"},"modified":"2024-12-18T11:06:33","modified_gmt":"2024-12-18T10:06:33","slug":"cinemaustria-cinema-invernale","status":"publish","type":"post","link":"https:\/\/www.austriacult.roma.it\/de\/cinemaustria-kino-im-winter\/","title":{"rendered":"CinemAUSTRIA &#8211; Kino im Winter"},"content":{"rendered":"<p><\/p>\n<p><strong>19. November 2024 &gt; 11. M\u00e4rz 2025<br \/>\n<\/strong>\u00d6sterreichisches Kulturforum Rom, Viale Bruno Buozzi 113<br \/>\nFreier Eintritt nach Voranmeldung: <a href=\"mailto:events.rom-kf@bmeia.gv.at\"><span style=\"color: #0000ff;\">events.rom-kf@bmeia.gv.at<\/span><\/a><\/p>\n<p style=\"text-align: justify;\"><strong><br \/>\n<\/strong>Mit \u201eSotto le stelle dell\u2019Austria\u201c bietet das \u00d6sterreichische Kulturforum Rom j\u00e4hrlich das Beste aus dem \u00f6sterreichischen Filmschaffen unter dem sommerlichen Sternenhimmel. Ab November 2024 erwartet Sie heuer erstmals auch eine Winter-Edition, die Kinoabenteuer pur an den langen, k\u00fchlen Abenden verspricht. <br \/>\n<strong>CinemAUSTRIA <\/strong>bietet monatlich von November 2024 bis M\u00e4rz 2025 eine aufregende Reise durch die Vergangenheit, die Gegenwart und die (m\u00f6gliche) Zukunft.<\/p>\n<p style=\"text-align: justify;\">Kuratiert wird CinemAUSTRIA von <strong>Marina Pavido<\/strong>, die seit 2019 das mehrsprachige Onlinemagazin Cinema Austriaco betreibt. <span style=\"color: #0000ff;\"><a style=\"color: #0000ff;\" href=\"https:\/\/cinema-austriaco.org\/it\/\">Cinema Austriaco &#8211; Rivista di critica e informazione cinematografica (cinema-austriaco.org)<\/a><\/span><\/p>\n<p style=\"text-align: justify;\">Den Beginn macht am <strong>Dienstag, 19. November,<\/strong> <strong>ANGESCHWEMMT<\/strong>, der zweite Dokumentarfilm des renommierten Regisseurs <strong>Nikolaus Geyrhalter<\/strong>. Anhand vieler Geschichten von ebenso vielen Menschen, die an den Ufern der Donau leben oder arbeiten, bietet er uns einen besonderen Einblick in viele Welten, die leider zum Verschwinden verurteilt sind.\u00a0<\/p>\n<p style=\"text-align: justify;\">Die Veranstaltung wird am <strong>Mittwoch, 11. Dezember,<\/strong> fortgesetzt, wenn die Kom\u00f6die <strong>DIE MIGRANTIGEN<\/strong> unter der Regie von <strong>Arman T. Riahi<\/strong> am Programm steht. Die Wechself\u00e4lle zweier arbeitsloser junger M\u00e4nner, die sich als eingewanderte Kleinkriminelle ausgeben, um als Protagonisten eines Dokumentarfilms ausgew\u00e4hlt zu werden, werden uns auch wichtige Denkanst\u00f6\u00dfe bieten.<\/p>\n<p style=\"text-align: justify;\">Der dritte Termin von CinemAUSTRIA findet statt am <strong>Dienstag, 25. Februar<\/strong>, ebenfalls um 19 Uhr, mit der Projektion von <strong>SPARSCHWEIN<\/strong>, einem am\u00fcsanten Mockumentary unter der Regie und mit Christoph Schwarz in der Hauptrolle, der uns zeigt, wie man ein Jahr ohne Geld \u00fcberleben und gleichzeitig die Umwelt sch\u00fctzen kann.<\/p>\n<p style=\"text-align: justify;\">Wie wichtig ist es, an die eigenen Tr\u00e4ume zu glauben, ohne jemals zu vergessen, dass man ein Kind war? Die junge Annika hat kein einfaches Leben. Und doch br\u00e4uchte es paradoxerweise \u201enur\u201c einen Meerjungfrauenschwanz, um ihr Leben zu verbessern. Sie ist also die magnetische Protagonistin von <strong>MERMAIDS DON&#8217;T CRY<\/strong> von <strong>Franziska Pflaum<\/strong>, der am <strong>Dienstag, 25. Februar<\/strong> um 19 Uhr gezeigt wird.<\/p>\n<p style=\"text-align: justify;\">Den Abschluss unseres Winterkinos findet am <strong>Dienstag, 11. M\u00e4rz<\/strong>, um 19 Uhr, mit der Vorf\u00fchrung von <strong>FAVORITEN<\/strong> statt, dem j\u00fcngsten Dokumentarfilm der ber\u00fchmten <strong>Ruth Beckermann<\/strong>, die uns das Leben in einer multiethnischen Volksschule im Wiener Bezirk Favoriten zeigt.<\/p>\n<p style=\"text-align: justify;\">\n<em><u>Jede Vorf\u00fchrung beginnt mit einem animierten Kurzfilm des Festivals <span style=\"text-decoration: underline;\">\u201cTricky women\/Tricky Realities\u201d<\/span>. Alle Filme werden in Originalfassung mit italienischen Untertiteln gezeigt.<\/u><\/em><br \/>\n<strong><\/p>\n<p><\/strong><\/p>\n<p style=\"text-align: justify;\"><strong>PROGRAMM <\/strong><\/p>\n<p>DIENSTAG, 9. NOVEMBER, 19 UHR<br \/>\n<strong><span style=\"color: #0000ff;\"><a style=\"color: #0000ff;\" href=\"https:\/\/www.austriacult.roma.it\/de\/veranstaltung\/angeschwemmt\/\">ANGESCHWEMMT<\/a><\/span><br \/>\n<\/strong>(1994, Laufzeit: 86\u2019) von Nikolaus Geyrhalter<\/p>\n<p style=\"text-align: justify;\">mit Josef Fuchs, Vickerl Albrecht, Helene Rotaru<br \/>\nNikolaus Geyrhalter, einer der wichtigsten zeitgen\u00f6ssischen \u00f6sterreichischen Dokumentarfilmer, mehrmals ausgezeichnet auf nationalen und internationalen Festivals, schenkt uns mit seinem zweiten Werk eine aufregende Reise an die Ufer der Donau, wo Fischer, Friedhofsw\u00e4rter, buddhistische M\u00f6nche, Obdachlose und sogar Milit\u00e4rangeh\u00f6rige ihren Tag verbringen und ihren T\u00e4tigkeiten nachgehen. Viele Geschichten, viele Welten, Bilder von gro\u00dfer visueller Wirkung, die uns ein poetisches, spannendes und manchmal sogar bewegendes Erlebnis bescheren werden.<\/p>\n<p style=\"text-align: justify;\">MITTWOCH, 11. DEZEMBER, 19 UHR<br \/>\n<strong><span style=\"color: #0000ff;\"><a style=\"color: #0000ff;\" href=\"https:\/\/www.austriacult.roma.it\/de\/veranstaltung\/die-migrantigen-2\/\">DIE MIGRANTIGEN<\/a><\/span><br \/>\n<\/strong>(2017, Laufzeit: 98\u2019) von Arman T. Riahi<\/p>\n<p style=\"text-align: justify;\">mit Faris Rahoma, Aleksandar Petrovi\u0107, Doris Schretzmayer<br \/>\nBenny und Marko, zwei Wiener Junge der zweiten Generation, sind derzeit arbeitslos. Um etwas Geld zu verdienen, geben sich die beiden als eingewanderte Kleinkriminelle aus, um an einer Fernsehdokumentation \u00fcber multiethnische Viertel teilzunehmen, die \u00fcberraschend erfolgreich sein wird. Welche Folgen wird dies f\u00fcr ihr Leben haben? Regisseur Arman T. Riahi hat damit eine am\u00fcsante Kom\u00f6die geschaffen, die zahlreiche Klischees und paradoxe Situationen zu ihrem Arbeitspferd gemacht hat und uns gleichzeitig zum Nachdenken \u00fcber unsere Gegenwart und unsere m\u00f6gliche Zukunft bringt.<\/p>\n<p style=\"text-align: justify;\">DIENSTAG, 21. J\u00c4NNER, 19 UHR<br \/>\n<strong><a href=\"https:\/\/www.austriacult.roma.it\/de\/veranstaltung\/sparschwein\/\"><span style=\"color: #0000ff;\">SPARSCHWEIN<\/span><\/a> <br \/>\n<\/strong>(2024, Laufzeit: 97\u2019) von Christoph Schwarz<\/p>\n<p style=\"text-align: justify;\">mit Christoph Schwarz, Judith Revers, David Sonnenbaum<br \/>\nKann man ein ganzes Jahr ohne Geld \u00fcberleben? Der Filmregisseur Christoph Schwarz steht kurz vor einem wichtigen Auftrag des ORF. Gleichzeitig hat sich seine Frau in ein Haus im Waldviertel verliebt, das mit dem Geld aus dem neuen Projekt gekauft werden kann. Die einzige M\u00f6glichkeit, dies zu erreichen, ist jedoch, \u00fcber einen l\u00e4ngeren Zeitraum praktisch ohne Geld zu leben. Der Regisseur hat mit seinem Deb\u00fctfilm eine einzigartige, manchmal urkomische und auf jeden Fall verr\u00fcckte Herausforderung in Bildern erz\u00e4hlt, die zu einem neuen Verst\u00e4ndnis unseres Alltags, im Kampf gegen den Kapitalismus und f\u00fcr den Schutz der Umwelt, f\u00fchren wird.<\/p>\n<p style=\"text-align: justify;\">DIENSTAG, 25. FEBRUAR, 19 UHR<br \/>\n<strong><a href=\"https:\/\/www.austriacult.roma.it\/de\/veranstaltung\/mermaids-dont-cry\/\"><span style=\"color: #0000ff;\">MERMAIDS DON\u2019T CRY<\/span><\/a> <br \/>\n<\/strong>(2022, Laufzeit: 92\u2019) von Franziska Pflaum<\/p>\n<p style=\"text-align: justify;\">mit Stefanie Reinsperger, Julia Franz Richter, Karl Fischer<br \/>\nDas Leben der jungen Annika ist alles andere als einfach: Ihr Vater ist bei ihr eingezogen und gibt sich als Invalide aus, um eine Invalidit\u00e4tsrente zu erhalten, ihre beste Freundin bittet sie st\u00e4ndig, sich um ihre Kinder zu k\u00fcmmern, und aufgrund von Stellenabbau k\u00f6nnte sie ihren Job als Kassiererin in einem Supermarkt verlieren. Dennoch hat die junge Frau nie aufgeh\u00f6rt zu tr\u00e4umen. Ihr gr\u00f6\u00dftes Ziel ist es, das Geld zu sparen, um sich einen Meerjungfrauenschwanz zu kaufen. Mit diesem brillanten und bewegenden Mermaids don&#8217;t cry sehen wir also, wie wichtig es ist, f\u00fcr die eigenen Ziele zu k\u00e4mpfen, ohne jemals aufzuh\u00f6ren, von einer besseren Zukunft zu tr\u00e4umen.<\/p>\n<p style=\"text-align: justify;\">DIENSTAG, 11. M\u00c4RZ, 19 UHR<br \/>\n<strong><a href=\"https:\/\/www.austriacult.roma.it\/de\/veranstaltung\/favoriten\/\"><span style=\"color: #0000ff;\">FAVORITEN<\/span><\/a> <br \/>\n<\/strong>(2024, Laufzeit: 118\u2019) von Ruth Beckermann<\/p>\n<p style=\"text-align: justify;\">mit Ilkay Idiskut<br \/>\nIm zehnten Wiener Gemeindebezirk, Favoriten, gibt es eine multiethnische Volksschule, die jedoch von der endg\u00fcltigen Schlie\u00dfung bedroht ist. In dieser Schule bringt die mutige und liebevolle Lehrerin Ilkay einer Gruppe von Kindern bei, \u201eerwachsen zu werden\u201c und diejenigen zu akzeptieren, die andere Traditionen und Gewohnheiten als sie selbst haben. Die renommierte Regisseurin Ruth Beckermann hat diese lebendige und zahlreiche Klasse drei Jahre lang begleitet und uns einen Film voller Farbe, Lachen, Denkanst\u00f6\u00dfe und stark bewegender Momente geschenkt, der bereits auf der Berlinale 2024 ein gro\u00dfer Erfolg war.<\/p>\n<p><\/p>","protected":false},"excerpt":{"rendered":"<\/p>\n<p>19. November 2024 &gt; 11. M\u00e4rz 2025<br \/>\n\u00d6sterreichisches Kulturforum Rom, Viale Bruno Buozzi 113<br \/>\nFreier Eintritt nach Voranmeldung: <a href=\"mailto:events.rom-kf@bmeia.gv.at\">events.rom-kf@bmeia.gv.at<\/a><\/p>\n<p style=\"text-align: justify;\">\nMit \u201eSotto le stelle dell\u2019Austria\u201c bietet das \u00d6sterreichische Kulturforum Rom j\u00e4hrlich das Beste aus dem \u00f6sterreichischen Filmschaffen unter dem sommerlichen Sternenhimmel. Ab November 2024 erwartet Sie heuer erstmals auch eine Winter-Edition, die Kinoabenteuer pur an den langen, k\u00fchlen Abenden verspricht.<br \/>\nCinemAUSTRIA bietet monatlich von November 2024 bis M\u00e4rz 2025 eine aufregende Reise durch die Vergangenheit, die Gegenwart und die [&#8230;]<\/p>\n","protected":false},"author":2,"featured_media":22189,"comment_status":"closed","ping_status":"closed","sticky":false,"template":"","format":"aside","meta":{"_vp_format_video_url":"","_vp_image_focal_point":[],"footnotes":""},"categories":[307],"tags":[],"class_list":["post-22119","post","type-post","status-publish","format-aside","has-post-thumbnail","hentry","category-attualita","post_format-post-format-aside"],"_links":{"self":[{"href":"https:\/\/www.austriacult.roma.it\/de\/wp-json\/wp\/v2\/posts\/22119","targetHints":{"allow":["GET"]}}],"collection":[{"href":"https:\/\/www.austriacult.roma.it\/de\/wp-json\/wp\/v2\/posts"}],"about":[{"href":"https:\/\/www.austriacult.roma.it\/de\/wp-json\/wp\/v2\/types\/post"}],"author":[{"embeddable":true,"href":"https:\/\/www.austriacult.roma.it\/de\/wp-json\/wp\/v2\/users\/2"}],"replies":[{"embeddable":true,"href":"https:\/\/www.austriacult.roma.it\/de\/wp-json\/wp\/v2\/comments?post=22119"}],"version-history":[{"count":24,"href":"https:\/\/www.austriacult.roma.it\/de\/wp-json\/wp\/v2\/posts\/22119\/revisions"}],"predecessor-version":[{"id":22647,"href":"https:\/\/www.austriacult.roma.it\/de\/wp-json\/wp\/v2\/posts\/22119\/revisions\/22647"}],"wp:featuredmedia":[{"embeddable":true,"href":"https:\/\/www.austriacult.roma.it\/de\/wp-json\/wp\/v2\/media\/22189"}],"wp:attachment":[{"href":"https:\/\/www.austriacult.roma.it\/de\/wp-json\/wp\/v2\/media?parent=22119"}],"wp:term":[{"taxonomy":"category","embeddable":true,"href":"https:\/\/www.austriacult.roma.it\/de\/wp-json\/wp\/v2\/categories?post=22119"},{"taxonomy":"post_tag","embeddable":true,"href":"https:\/\/www.austriacult.roma.it\/de\/wp-json\/wp\/v2\/tags?post=22119"}],"curies":[{"name":"wp","href":"https:\/\/api.w.org\/{rel}","templated":true}]}}