{"id":14127,"date":"2023-11-24T12:49:15","date_gmt":"2023-11-24T11:49:15","guid":{"rendered":"https:\/\/www.austriacult.roma.it\/?p=14127"},"modified":"2024-04-22T12:29:13","modified_gmt":"2024-04-22T10:29:13","slug":"bad-ischl-salzkammergut-in-23-per-24-capitale-europea-della-cultura","status":"publish","type":"post","link":"https:\/\/www.austriacult.roma.it\/de\/kulturhauptstadt-europas-bad-ischl-salzkammergut-23-fur-24\/","title":{"rendered":"Kulturhauptstadt Europas Bad Ischl Salzkammergut \u2013 23 f\u00fcr 24"},"content":{"rendered":"<p><\/p>\n<p>&nbsp;<\/p>\n<p>F\u00fcr die<strong> europ\u00e4ische Kulturhauptstadt 2024<\/strong> schlie\u00dfen sich 23 Gemeinden aus den Bundesl\u00e4ndern Ober\u00f6sterreich und Steiermark zusammen und bieten ein vielseitiges Programm anhand der folgenden Projektlinien:<\/p>\n<p>MACHT UND TRADITION<\/p>\n<p>KULTUR IM FLUSS<\/p>\n<p>SHARING SALZKAMMERGUT \u2013 DIE KUNST DES REISENS<\/p>\n<p>GLOBALOKAL \u2013 BUILDING THE NEW<\/p>\n<p><iframe loading=\"lazy\" title=\"\u2192 Salzkammergut 2024 EUROPEAN CAPITAL OF CULTURE 2024 \u2192 CULTURE IS THE NEW SALT \u2192 23 for 24\" width=\"1170\" height=\"658\" src=\"https:\/\/www.youtube.com\/embed\/F1yGwIyQrUg?feature=oembed\" frameborder=\"0\" allow=\"accelerometer; autoplay; clipboard-write; encrypted-media; gyroscope; picture-in-picture; web-share\" referrerpolicy=\"strict-origin-when-cross-origin\" allowfullscreen><\/iframe><\/p>\n<p>Eine Pr\u00e4miere f\u00fcr die Kulturhauptstadt Europas ist dabei der inneralpine, l\u00e4ndlich gepr\u00e4gte Raum. Erste Veranstaltungen werden bereits vor der offiziellen Er\u00f6ffnung am 20. Ja\u0308nner 2024 in der Kulturhauptstadt-Region angeboten.<\/p>\n<p>Programm und Informationen (auf Deutsch und Englisch): <a href=\"https:\/\/www.salzkammergut-2024.at\/\">Salzkammergut 2024 (salzkammergut-2024.at)<\/a><\/p>\n<p>&nbsp;<\/p>\n<p>&nbsp;<\/p>\n<p>&nbsp;<\/p>\n<p><\/p>","protected":false},"excerpt":{"rendered":"<\/p>\n<p>&nbsp;<\/p>\n<p>F\u00fcr die europ\u00e4ische Kulturhauptstadt 2024 schlie\u00dfen sich 23 Gemeinden aus den Bundesl\u00e4ndern Ober\u00f6sterreich und Steiermark zusammen und bieten ein vielseitiges Programm anhand der folgenden Projektlinien:<\/p>\n<p>MACHT UND TRADITION<\/p>\n<p>KULTUR IM FLUSS<\/p>\n<p>SHARING SALZKAMMERGUT \u2013 DIE KUNST DES REISENS<\/p>\n<p>GLOBALOKAL \u2013 BUILDING THE NEW<\/p>\n<\/p>\n<p>Eine Pr\u00e4miere f\u00fcr die Kulturhauptstadt Europas ist dabei der inneralpine, l\u00e4ndlich gepr\u00e4gte Raum. Erste Veranstaltungen werden bereits vor der offiziellen Er\u00f6ffnung am 20. Ja\u0308nner 2024 in der Kulturhauptstadt-Region angeboten.<\/p>\n<p>Programm und Informationen (auf Deutsch und Englisch): <a href=\"https:\/\/www.salzkammergut-2024.at\/\">Salzkammergut 2024 (salzkammergut-2024.at)<\/a><\/p>\n<p>&nbsp;<\/p>\n<p>&nbsp;<\/p>\n<p>&nbsp;<\/p><\/p>\n","protected":false},"author":2,"featured_media":16350,"comment_status":"closed","ping_status":"closed","sticky":false,"template":"","format":"aside","meta":{"_vp_format_video_url":"","_vp_image_focal_point":[],"footnotes":""},"categories":[307],"tags":[],"class_list":["post-14127","post","type-post","status-publish","format-aside","has-post-thumbnail","hentry","category-attualita","post_format-post-format-aside"],"_links":{"self":[{"href":"https:\/\/www.austriacult.roma.it\/de\/wp-json\/wp\/v2\/posts\/14127","targetHints":{"allow":["GET"]}}],"collection":[{"href":"https:\/\/www.austriacult.roma.it\/de\/wp-json\/wp\/v2\/posts"}],"about":[{"href":"https:\/\/www.austriacult.roma.it\/de\/wp-json\/wp\/v2\/types\/post"}],"author":[{"embeddable":true,"href":"https:\/\/www.austriacult.roma.it\/de\/wp-json\/wp\/v2\/users\/2"}],"replies":[{"embeddable":true,"href":"https:\/\/www.austriacult.roma.it\/de\/wp-json\/wp\/v2\/comments?post=14127"}],"version-history":[{"count":8,"href":"https:\/\/www.austriacult.roma.it\/de\/wp-json\/wp\/v2\/posts\/14127\/revisions"}],"predecessor-version":[{"id":17682,"href":"https:\/\/www.austriacult.roma.it\/de\/wp-json\/wp\/v2\/posts\/14127\/revisions\/17682"}],"wp:featuredmedia":[{"embeddable":true,"href":"https:\/\/www.austriacult.roma.it\/de\/wp-json\/wp\/v2\/media\/16350"}],"wp:attachment":[{"href":"https:\/\/www.austriacult.roma.it\/de\/wp-json\/wp\/v2\/media?parent=14127"}],"wp:term":[{"taxonomy":"category","embeddable":true,"href":"https:\/\/www.austriacult.roma.it\/de\/wp-json\/wp\/v2\/categories?post=14127"},{"taxonomy":"post_tag","embeddable":true,"href":"https:\/\/www.austriacult.roma.it\/de\/wp-json\/wp\/v2\/tags?post=14127"}],"curies":[{"name":"wp","href":"https:\/\/api.w.org\/{rel}","templated":true}]}}