{"id":10020,"date":"2021-03-09T11:42:55","date_gmt":"2021-03-09T10:42:55","guid":{"rendered":"https:\/\/www.austriacult.roma.it\/?p=10020"},"modified":"2021-03-30T14:11:41","modified_gmt":"2021-03-30T12:11:41","slug":"giornata-della-poesia","status":"publish","type":"post","link":"https:\/\/www.austriacult.roma.it\/de\/giornata-della-poesia\/","title":{"rendered":"Giornata della Poesia"},"content":{"rendered":"<p><\/p>\n<p>Jedes Jahr am<strong> 21. <\/strong><strong>M\u00e4rz <\/strong>feiert die<strong> UNESCO <\/strong>die <strong><em>Giornata Mondiale della Poesia (Tag der Lyrik)<\/em><\/strong> und w\u00fcrdigt so die wichtige Rolle der Poesie im interkulturellen Dialog, der Verst\u00e4ndigung und des Friedens. Und jedes Jahr feiert auch <strong>EUNIC Roma<\/strong>, der Zusammenschluss der in Rom t\u00e4tigen europ\u00e4ischen Kulturinstitute, diesen Tag mit einer gemeinsamen Lesung von Gedichten aus den verschiedenen L\u00e4ndern. Die heurige Ausgabe mit 14 Lyrikern und Lyrikerinnen ist speziell Dante Alighieri anl\u00e4sslich seines 700. Todestages gewidmet.<\/p>\n<p>Aufgrund der Anti-Covid-Ma\u00dfnahmen findet die Veranstaltung ausschlie\u00dflich online \u00fcber die Facebook-Seite (<a href=\"http:\/\/www.facebook.com\/EUNICRoma\">@EUNICRoma<\/a>) und den Youtube-Kanal von EUNIC Roma statt und beginnt heuer ausnahmsweise schon eine Woche vor dem Termin mit einem wahren Lyrik-Marathon.<\/p>\n<p><a href=\"https:\/\/www.austriacult.roma.it\/wp-content\/uploads\/2021\/03\/Giornata-Mondiale-della-poesia-2021_compressed.pdf\"><strong>Bro<\/strong><strong>sch\u00fcre online<\/strong><\/a> (erstellt mit Unterst\u00fctzung der FUIS)<\/p>\n<p><u>Alle Videos live auf Facebook <a href=\"http:\/\/www.facebook.com\/EUNICRoma\">@EUNICRoma<\/a>\u00a0und <a href=\"https:\/\/www.youtube.com\/channel\/UC71CIMEB2eMk4Opu3Z04l3A\">Youtube<\/a><\/u><\/p>\n<p><strong>14.-20. M\u00e4rz 2021 | 18.00 Uhr<br \/>\n<\/strong><strong>LYRIKMARATHON |<\/strong> Einf\u00fchrung <strong>Marco Dotti<\/strong> (Universit\u00e0 di Pavia)<br \/>\n(in den Originalsprachen mit italienischen Untertiteln)<\/p>\n<p><strong>14. M\u00e4rz <\/strong><strong>|<\/strong> <strong>18.00<\/strong><strong> Uhr<br \/>\n<\/strong>Slowenien &#8211; Ungarn<br \/>\n<a href=\"https:\/\/www.youtube.com\/watch?v=SZR6NSqKFMo\">Brane SENEGA\u010cNIK &amp; J\u00e1nos LACKFI<\/a><br \/>\nEinf\u00fchrung: Marco Dotti<\/p>\n<p><strong>15. M\u00e4rz <\/strong><strong>|<\/strong> <strong>18.00<\/strong><strong> Uhr<br \/>\n<\/strong>Slowakei &#8211; Deutschland\u00a0<br \/>\n<a href=\"https:\/\/www.youtube.com\/watch?v=8IxyVRFozxM\">J\u00e1n ZAMBOR &amp; Jan WAGNER<\/a><br \/>\nEinf\u00fchrung: Marco Dotti<\/p>\n<p><strong>16. M\u00e4rz <\/strong><strong>|<\/strong> <strong>18.00<\/strong><strong> Uhr<br \/>\n<\/strong>Bulgarien &#8211; Schweiz<br \/>\n<a href=\"https:\/\/www.youtube.com\/watch?v=EAqfxuDjKfI\">Rumen IVAN\u010cEV\u00a0 &amp; Andrea BIANCHETTI<\/a><br \/>\nEinf\u00fchrung: Marco Dotti<\/p>\n<p><strong>17. M\u00e4rz<\/strong><strong>\u00a0|<\/strong> <strong>18.00<\/strong><strong> Uhr<\/strong><strong>\u00a0\u00a0\u00a0\u00a0\u00a0\u00a0\u00a0\u00a0 <\/strong><\/p>\n<p>\u00d6sterreich &#8211; Spanien<br \/>\n<a href=\"https:\/\/www.youtube.com\/watch?v=bel583bVw3U\">Barbara PUMH\u00d6SEL \u00a0&amp; Juan Antonio GONZ\u00c1LEZ IGLESIAS<\/a><br \/>\n<a href=\"https:\/\/www.austriacult.roma.it\/de\/veranstaltung\/giornata-della-poesia-barbara-pumhosel\/\">zum Event<\/a><br \/>\nEinf\u00fchrung: Marco Dotti<\/p>\n<p><strong>18. M\u00e4rz <\/strong><strong>|<\/strong> <strong>18.00<\/strong><strong> Uhr<\/strong><\/p>\n<p>Rum\u00e4nien &#8211; Flandern<br \/>\n<a href=\"https:\/\/www.youtube.com\/watch?v=GTx-19JRHuE\">Octavian SOVIANY &amp; Christine D\u2019HAEN<\/a><br \/>\nEinf\u00fchrung: Marco Dotti<\/p>\n<p><strong>19. M\u00e4rz <\/strong><strong>|<\/strong> <strong>18.00<\/strong><strong> Uhr<\/strong><\/p>\n<p>Portugal &#8211; Litauen<br \/>\n<a href=\"https:\/\/www.youtube.com\/watch?v=Gip1aqkSeBA\">Pedro EIRAS &amp; Agn\u0117 \u017dAGRAKALYT\u0116<\/a><br \/>\nEinf\u00fchrung: Marco Dotti<\/p>\n<p><strong>20. M\u00e4rz <\/strong><strong>|<\/strong> <strong>18.00<\/strong><strong> Uhr<\/strong><\/p>\n<p>Italien &#8211; Tschechien<br \/>\n<a href=\"https:\/\/www.youtube.com\/watch?v=4Yyp_OJ6UqE\">Nicola BULTRINI &amp; Kate\u0159ina RUD\u010cENKOVA<\/a> <br \/>\nEinf\u00fchrung: Marco Dotti<\/p>\n<p><strong>21. M\u00e4rz 2021 | 18.00 Uhr<br \/>\n<\/strong><strong><a href=\"https:\/\/www.youtube.com\/watch?v=V48Tc-KBo2w\">HOMMAGE AN DANTE ALIGHIERI<\/a> |<\/strong> Einf\u00fchrung <strong>Maria Ida Gaeta<\/strong> (Generalsekret\u00e4rin des Nationalkomitees zum 700. Jahrestag des Todes von Dante Alighieri)<br \/>\n(in den Originalsprachen mit italienischen Untertiteln)<\/p>\n<p><a href=\"https:\/\/www.austriacult.roma.it\/wp-content\/uploads\/2021\/03\/CS-GMP_2021-NEU-1.pdf\">Pressemitteilung EUNIC (italienisch)<\/a><\/p>\n<p>&nbsp;<\/p>\n<p><strong>\u00a0<\/strong><\/p>\n<p><\/p>","protected":false},"excerpt":{"rendered":"<\/p>\n<p>Jedes Jahr am 21. M\u00e4rz feiert die UNESCO die Giornata Mondiale della Poesia (Tag der Lyrik) und w\u00fcrdigt so die wichtige Rolle der Poesie im interkulturellen Dialog, der Verst\u00e4ndigung und des Friedens. Und jedes Jahr feiert auch EUNIC Roma, der Zusammenschluss der in Rom t\u00e4tigen europ\u00e4ischen Kulturinstitute, diesen Tag mit einer gemeinsamen Lesung von Gedichten aus den verschiedenen L\u00e4ndern. Die heurige Ausgabe mit 14 Lyrikern und Lyrikerinnen ist speziell Dante Alighieri anl\u00e4sslich seines 700. Todestages gewidmet.<\/p>\n<p>Aufgrund der Anti-Covid-Ma\u00dfnahmen findet die [&#8230;]<\/p>\n","protected":false},"author":2,"featured_media":10021,"comment_status":"closed","ping_status":"closed","sticky":false,"template":"","format":"standard","meta":{"_vp_format_video_url":"","_vp_image_focal_point":[],"footnotes":""},"categories":[307],"tags":[],"class_list":["post-10020","post","type-post","status-publish","format-standard","has-post-thumbnail","hentry","category-attualita"],"_links":{"self":[{"href":"https:\/\/www.austriacult.roma.it\/de\/wp-json\/wp\/v2\/posts\/10020","targetHints":{"allow":["GET"]}}],"collection":[{"href":"https:\/\/www.austriacult.roma.it\/de\/wp-json\/wp\/v2\/posts"}],"about":[{"href":"https:\/\/www.austriacult.roma.it\/de\/wp-json\/wp\/v2\/types\/post"}],"author":[{"embeddable":true,"href":"https:\/\/www.austriacult.roma.it\/de\/wp-json\/wp\/v2\/users\/2"}],"replies":[{"embeddable":true,"href":"https:\/\/www.austriacult.roma.it\/de\/wp-json\/wp\/v2\/comments?post=10020"}],"version-history":[{"count":0,"href":"https:\/\/www.austriacult.roma.it\/de\/wp-json\/wp\/v2\/posts\/10020\/revisions"}],"wp:featuredmedia":[{"embeddable":true,"href":"https:\/\/www.austriacult.roma.it\/de\/wp-json\/wp\/v2\/media\/10021"}],"wp:attachment":[{"href":"https:\/\/www.austriacult.roma.it\/de\/wp-json\/wp\/v2\/media?parent=10020"}],"wp:term":[{"taxonomy":"category","embeddable":true,"href":"https:\/\/www.austriacult.roma.it\/de\/wp-json\/wp\/v2\/categories?post=10020"},{"taxonomy":"post_tag","embeddable":true,"href":"https:\/\/www.austriacult.roma.it\/de\/wp-json\/wp\/v2\/tags?post=10020"}],"curies":[{"name":"wp","href":"https:\/\/api.w.org\/{rel}","templated":true}]}}