{"id":9701,"global_id":"www.austriacult.roma.it\/de?id=9701","global_id_lineage":["www.austriacult.roma.it\/de?id=9701"],"author":"2","status":"publish","date":"2021-01-08 09:52:04","date_utc":"2021-01-08 08:52:04","modified":"2021-02-11 16:04:18","modified_utc":"2021-02-11 15:04:18","url":"https:\/\/www.austriacult.roma.it\/de\/veranstaltung\/il-campo-di-concentramento-di-mauthausen-e-i-suoi-prigionieri-italiani-intervista-al-presidente-dario-venegoni-associazione-nazionale-ex-deportati-nei-campi-nazisti\/","rest_url":"https:\/\/www.austriacult.roma.it\/de\/wp-json\/tribe\/events\/v1\/events\/9701","title":"Das KZ Mauthausen und die italienischen H\u00e4ftlinge Interview mit Dario Venegoni (ANED)","description":"<p><\/p>\n<p>Mauthausen war das gr\u00f6\u00dfte NS-Konzentrationslager auf dem Boden des heutigen \u00d6sterreich. Von den etwa 190.000 Gefangenen in Mauthausen und seinen \u00fcber 40 Nebenlagern kamen zwischen 1938 und 1945 mindestens 90.000 ums Leben. Unter ihnen waren viele Italiener. Im Gedenken an die Opfer der NS-Vernichtungsindustrie beleuchtet ANED-Pr\u00e4sident <strong>Dario Venegoni<\/strong> im Gespr\u00e4ch mit \u00d6KF-Direktor <strong>Georg Schnetzer<\/strong> dieses grauenvolle Kapitel der Geschichte des Nationalsozialismus.<\/p>\n<p><iframe loading=\"lazy\" title=\"IL CAMPO DI CONCENTRAMENTO MAUTHAUSEN - Intervista a Dario Venegoni (ANED)\" width=\"1170\" height=\"658\" src=\"https:\/\/www.youtube.com\/embed\/A9rbLEgREIE?feature=oembed\" frameborder=\"0\" allow=\"accelerometer; autoplay; clipboard-write; encrypted-media; gyroscope; picture-in-picture\" allowfullscreen><\/iframe><\/p>\n<p>&nbsp;<\/p>\n<p>&nbsp;<\/p>\n<p>&nbsp;<\/p>\n<p><\/p>","excerpt":"","slug":"il-campo-di-concentramento-di-mauthausen-e-i-suoi-prigionieri-italiani-intervista-al-presidente-dario-venegoni-associazione-nazionale-ex-deportati-nei-campi-nazisti","image":{"url":"https:\/\/www.austriacult.roma.it\/wp-content\/uploads\/2021\/01\/Dario.jpg","id":9713,"extension":"jpg","width":1280,"height":720,"filesize":82846,"sizes":{"square-thumb":{"width":350,"height":350,"mime-type":"image\/jpeg","filesize":20648,"url":"https:\/\/www.austriacult.roma.it\/wp-content\/uploads\/2021\/01\/Dario-350x350.jpg"},"thumbnail":{"width":150,"height":150,"mime-type":"image\/jpeg","filesize":5338,"url":"https:\/\/www.austriacult.roma.it\/wp-content\/uploads\/2021\/01\/Dario-150x150.jpg"},"1536x1536":{"width":1536,"height":1536,"mime-type":"image\/jpeg","filesize":203449,"url":"https:\/\/www.austriacult.roma.it\/wp-content\/uploads\/2021\/01\/Dario-1536x1536.jpg"},"2048x2048":{"width":2048,"height":2048,"mime-type":"image\/jpeg","filesize":302577,"url":"https:\/\/www.austriacult.roma.it\/wp-content\/uploads\/2021\/01\/Dario-2048x2048.jpg"},"vp_sm":{"width":500,"height":9999,"mime-type":"image\/jpeg","filesize":438425,"url":"https:\/\/www.austriacult.roma.it\/wp-content\/uploads\/2021\/01\/Dario-500x9999.jpg"},"vp_md":{"width":800,"height":9999,"mime-type":"image\/jpeg","filesize":615198,"url":"https:\/\/www.austriacult.roma.it\/wp-content\/uploads\/2021\/01\/Dario-800x9999.jpg"},"vp_lg":{"width":1280,"height":9999,"mime-type":"image\/jpeg","filesize":783949,"url":"https:\/\/www.austriacult.roma.it\/wp-content\/uploads\/2021\/01\/Dario-1280x9999.jpg"},"vp_xl":{"width":1920,"height":9999,"mime-type":"image\/jpeg","filesize":1034990,"url":"https:\/\/www.austriacult.roma.it\/wp-content\/uploads\/2021\/01\/Dario-1920x9999.jpg"},"vp_sm_popup":{"width":500,"height":9999,"mime-type":"image\/jpeg","filesize":438425,"url":"https:\/\/www.austriacult.roma.it\/wp-content\/uploads\/2021\/01\/Dario-500x9999.jpg"},"vp_md_popup":{"width":800,"height":9999,"mime-type":"image\/jpeg","filesize":615198,"url":"https:\/\/www.austriacult.roma.it\/wp-content\/uploads\/2021\/01\/Dario-800x9999.jpg"},"vp_xl_popup":{"width":1920,"height":9999,"mime-type":"image\/jpeg","filesize":1034990,"url":"https:\/\/www.austriacult.roma.it\/wp-content\/uploads\/2021\/01\/Dario-1920x9999.jpg"},"list":{"width":734,"height":300,"mime-type":"image\/jpeg","filesize":31427,"url":"https:\/\/www.austriacult.roma.it\/wp-content\/uploads\/2021\/01\/Dario-734x300.jpg"},"carousel":{"width":1110,"height":495,"mime-type":"image\/jpeg","filesize":65397,"url":"https:\/\/www.austriacult.roma.it\/wp-content\/uploads\/2021\/01\/Dario-1110x495.jpg"},"bigthumb":{"width":350,"height":350,"mime-type":"image\/jpeg","filesize":20648,"url":"https:\/\/www.austriacult.roma.it\/wp-content\/uploads\/2021\/01\/Dario-350x350.jpg"},"square-thumb_old_400x400":{"width":400,"height":400,"mime-type":"image\/jpeg","filesize":25479,"url":"https:\/\/www.austriacult.roma.it\/wp-content\/uploads\/2021\/01\/Dario-400x400.jpg"}}},"all_day":false,"start_date":"2021-01-28 18:00:00","start_date_details":{"year":"2021","month":"01","day":"28","hour":"18","minutes":"00","seconds":"00"},"end_date":"2021-02-11 23:30:00","end_date_details":{"year":"2021","month":"02","day":"11","hour":"23","minutes":"30","seconds":"00"},"utc_start_date":"2021-01-28 17:00:00","utc_start_date_details":{"year":"2021","month":"01","day":"28","hour":"17","minutes":"00","seconds":"00"},"utc_end_date":"2021-02-11 22:30:00","utc_end_date_details":{"year":"2021","month":"02","day":"11","hour":"22","minutes":"30","seconds":"00"},"timezone":"Europe\/Berlin","timezone_abbr":"CET","cost":"","cost_details":{"currency_symbol":"","currency_position":"prefix","values":[]},"website":"","show_map":false,"show_map_link":false,"hide_from_listings":false,"sticky":false,"featured":false,"categories":[],"tags":[],"venue":{"id":9513,"author":"2","status":"publish","date":"2020-12-03 13:31:59","date_utc":"2020-12-03 12:31:59","modified":"2023-09-20 16:15:44","modified_utc":"2023-09-20 14:15:44","url":"https:\/\/www.austriacult.roma.it\/de\/venue\/digital-2\/","venue":"#digital in 7 Folgen auf App Emons, Spotify, Google podcast, Apple podcast","slug":"evento-online-2","json_ld":{"@type":"Place","name":"#digital in 7 Folgen auf App Emons, Spotify, Google podcast, Apple podcast","description":"","url":"","address":{"@type":"PostalAddress"},"telephone":"","sameAs":""},"show_map":false,"show_map_link":true,"global_id":"www.austriacult.roma.it\/de?id=9513","global_id_lineage":["www.austriacult.roma.it\/de?id=9513"]},"organizer":[],"json_ld":{"@context":"http:\/\/schema.org","@type":"Event","name":"Das KZ Mauthausen und die italienischen H\u00e4ftlinge Interview mit Dario Venegoni (ANED)","description":"&lt;p&gt;Mauthausen \u00e8 stato il pi\u00f9 grande campo di concentramento nazista sul suolo dell\u2019attuale Austria. Dei circa 190.000 prigionieri di Mauthausen e dei suoi oltre 40 campi satellite, almeno 90.000 sono morti tra il 1938 e il 1945. Tra loro c\u2019erano molti italiani. In commemorazione delle vittime dello sterminio nazionalsocialista, il presidente dell\u2019ANED, Dario Venegoni, in [&hellip;]&lt;\/p&gt;\\n","image":"https:\/\/www.austriacult.roma.it\/wp-content\/uploads\/2021\/01\/Dario.jpg","url":"https:\/\/www.austriacult.roma.it\/de\/veranstaltung\/il-campo-di-concentramento-di-mauthausen-e-i-suoi-prigionieri-italiani-intervista-al-presidente-dario-venegoni-associazione-nazionale-ex-deportati-nei-campi-nazisti\/","startDate":"2021-01-28T18:00:00+01:00","endDate":"2021-02-11T23:30:00+01:00","location":{"@type":"Place","name":"#digital in 7 Folgen auf App Emons, Spotify, Google podcast, Apple podcast","description":"","url":"","address":{"@type":"PostalAddress"},"telephone":"","sameAs":""},"performer":"Organization"}}