{"id":7043,"global_id":"www.austriacult.roma.it\/de?id=7043","global_id_lineage":["www.austriacult.roma.it\/de?id=7043"],"author":"2","status":"publish","date":"2019-09-25 16:49:24","date_utc":"2019-09-25 14:49:24","modified":"2019-09-30 10:48:54","modified_utc":"2019-09-30 08:48:54","url":"https:\/\/www.austriacult.roma.it\/de\/veranstaltung\/towards-new-horizons-carlo-dorta-bernadette-felber-2\/","rest_url":"https:\/\/www.austriacult.roma.it\/de\/wp-json\/tribe\/events\/v1\/events\/7043","title":"TOWARDS NEW HORIZONS. CARLO D\u00b4ORTA &#038; BERNADETTE FELBER","description":"<p><\/p>\n<p>Die \u00f6sterreichische Fotografin <strong>Bernadette Felber<\/strong> wurde eingeladen, an der heurigen Roma Art Week teilzunehmen. Ihre Arbeiten sind gemeinsam mit denen von Carlo D\u00b4Orta unter dem Titel \u201cTowards New Horizons\u201d (Verso nuovi orizzonti) in der gleichnamigen Galerie zu sehen.\u00a0<\/p>\n<p><span style=\"color: #ff0000;\"><strong>Ge\u00f6ffnet: Montag &#8211; Freitag 16.00 &#8211; 20.00 Uhr; Samstag, 12. Oktober, 16.00 &#8211; 20.00 Uhr<\/strong><\/span><\/p>\n<p>Die K\u00fcnstlerin \u00fcber sich:<\/p>\n<p><em>&#8222;Ich bin an sozialen und politischen Zonen von Konflikten und gro\u00dfen Ver\u00e4nderungen in verschiedenen Gesellschaftsschichten und Kulturen interessiert. Im Zentrum steht immer die Person, welcher ich begegne oder eine Situation, die ich beobachte. Oft ist das auch mit meinem Leben und Fragen, auf welche ich versuche eine Antwort zu finden, verbunden. Globale Ver\u00e4nderungen und deren Auswirkung auf die einzelne Person stehen im Zentrum meiner Aufmerksamkeit. Ich bin an postkolonialen Situationen interessiert und versuche \u00fcber den historischen Hintergrund zu lernen. Mit diesem Hintergrund kann das aktuelle Motiv ein kleines Detail, ein Moment, eine Komposition im Raum sein. Mich interessiert, wie Menschen ihren Lebensraum gestalten, und wie sie ihr t\u00e4gliches Leben bestreiten. Es ist immer der Moment, die Lichtsituation, die ich versuche festzuhalten. Ich glaube in der Fotografie Fathepur Sikri bringe ich meine fotografischen Recherchen auf einen Punkt. Moscheen haben diese wundersch\u00f6nen offenen Pl\u00e4tze \u00e4hnlich den italienischen Piazzas, welche ich von der italienischen Architektur kenne. Sie funktionieren wie eine B\u00fchne, auf welchen sich meine Akteure bewegen, ich finde meinen Punkt, wie T\u00e4nzer auf die Bewegungen im Raum reagieren. Es sind auch geweihte Pl\u00e4tze und man sp\u00fcrt das.<\/em><\/p>\n<p><em>Ich hoffe, dass Menschen, die meine Arbeiten sehen, eine positive Nachricht mit nach Hause nehmen. Ich m\u00f6chte meinem Publikum vermitteln, wie die Lebensbedingungen in verschiedenen L\u00e4ndern sind, mit welchen sie vielleicht in ihrem Land nur durch Migranten in Kontakt kommen. Dies kann helfen Vorurteile abzubauen und diese Kulturen verst\u00e4ndlicher zu machen. Ich m\u00f6chte meinem Publikum meine Erfahrungen vermitteln, und so Schritte zu mehr Toleranz und Integration setzen. Meine Bilder k\u00f6nnen einen wirklichen sozialen Impakt haben. Sie zeigen das reale allt\u00e4gliche Leben und dienen als Dokumente der letzten 20 Jahre. Das ist wichtig, Kunst kann inspirieren, heilen und neue Horizonte \u00f6ffnen. Es gibt Bilder, an welche wir uns alle erinnern, die in unseren Gedanken bleiben, die uns reflektieren lassen, wer wir eigentlich sind. Wenn ich diese starke Nachricht vermitteln kann sind wir am richtigen Weg.&#8220;<\/em><\/p>\n<p><strong>Bernadette Felber<\/strong>, 1966 in \u00d6sterreich geborten, studierte an der Akademie der Bildenden K\u00fcnste in \u00d6sterreich Malerei und Installation und an der Central St. Martin School of Art&amp;Design London B\u00fchnenbild. \u00a0<br \/>\nIhre Arbeiten waren bisher unter anderem zu sehen: Little Square World Gallery Jaditi NY (2016), Mother and Child Galleria La Pigna Roma (2017), Tale of an immigrant (4th Biennale of Kochi-India) e ArtExpoNY (2019).<\/p>\n<p><span style=\"color: #0000ff;\"><span style=\"color: #000000;\">Info: <a style=\"color: #0000ff;\" href=\"mailto:allegretti@allegrettiarte.com\">allegretti@allegrettiarte.com<\/a>; tel +39\/328 6735752;<a style=\"color: #0000ff;\" href=\"mailto:info@carlodortaarte.it\"> info@carlodortaarte.it<\/a>; tel +39\/328 0416111<\/span><\/span><\/p>\n<p>Link\u00a0<span style=\"text-decoration: underline;\"><a href=\"https:\/\/www.austriacult.roma.it\/wp-content\/uploads\/2019\/09\/Locandina.pdf\">Einladung<\/a><\/span>\u00a0 \u00a0 \u00a0 \u00a0 \u00a0 \u00a0 \u00a0 \u00a0 <br \/>\nLink\u00a0<span style=\"text-decoration: underline;\"><a class=\"external external_icon\" href=\"https:\/\/romeartweek.com\/it\/artisti\/?id=1677&amp;ida=1148\" target=\"_blank\" rel=\"nofollow noopener noreferrer\">Bernadette Felber<\/a><\/span>\u00a0 <br \/>\nLink <span style=\"text-decoration: underline;\"><a href=\"https:\/\/romeartweek.com\/en\/artists\/?id=1148&amp;ida=423\">Carlo D\u00b4Orta<\/a><\/span><\/p>\n<p>&nbsp;<\/p>\n<p>&nbsp;<\/p>\n<p><\/p>","excerpt":"","slug":"towards-new-horizons-carlo-dorta-bernadette-felber-2","image":{"url":"https:\/\/www.austriacult.roma.it\/wp-content\/uploads\/2019\/09\/Felber_Mum-is-busy_2008_Mexico_digital-photography_40x60cm-scaled.jpg","id":7036,"extension":"jpg","width":2560,"height":2560,"filesize":770509,"sizes":{"square-thumb":{"width":350,"height":350,"mime-type":"image\/jpeg","filesize":36970,"url":"https:\/\/www.austriacult.roma.it\/wp-content\/uploads\/2019\/09\/Felber_Mum-is-busy_2008_Mexico_digital-photography_40x60cm-350x350.jpg"},"thumbnail":{"width":150,"height":150,"mime-type":"image\/jpeg","filesize":19622,"url":"https:\/\/www.austriacult.roma.it\/wp-content\/uploads\/2019\/09\/Felber_Mum-is-busy_2008_Mexico_digital-photography_40x60cm-150x150.jpg"},"1536x1536":{"width":1536,"height":1536,"mime-type":"image\/jpeg","filesize":326108,"url":"https:\/\/www.austriacult.roma.it\/wp-content\/uploads\/2019\/09\/Felber_Mum-is-busy_2008_Mexico_digital-photography_40x60cm-1536x1536.jpg"},"2048x2048":{"width":2048,"height":2048,"mime-type":"image\/jpeg","filesize":534299,"url":"https:\/\/www.austriacult.roma.it\/wp-content\/uploads\/2019\/09\/Felber_Mum-is-busy_2008_Mexico_digital-photography_40x60cm-2048x2048.jpg"},"vp_sm":{"width":500,"height":9999,"mime-type":"image\/jpeg","filesize":508444,"url":"https:\/\/www.austriacult.roma.it\/wp-content\/uploads\/2019\/09\/Felber_Mum-is-busy_2008_Mexico_digital-photography_40x60cm-500x9999.jpg"},"vp_md":{"width":800,"height":9999,"mime-type":"image\/jpeg","filesize":766656,"url":"https:\/\/www.austriacult.roma.it\/wp-content\/uploads\/2019\/09\/Felber_Mum-is-busy_2008_Mexico_digital-photography_40x60cm-800x9999.jpg"},"vp_lg":{"width":1280,"height":9999,"mime-type":"image\/jpeg","filesize":1157305,"url":"https:\/\/www.austriacult.roma.it\/wp-content\/uploads\/2019\/09\/Felber_Mum-is-busy_2008_Mexico_digital-photography_40x60cm-1280x9999.jpg"},"vp_xl":{"width":1920,"height":9999,"mime-type":"image\/jpeg","filesize":1634130,"url":"https:\/\/www.austriacult.roma.it\/wp-content\/uploads\/2019\/09\/Felber_Mum-is-busy_2008_Mexico_digital-photography_40x60cm-1920x9999.jpg"},"vp_sm_popup":{"width":500,"height":9999,"mime-type":"image\/jpeg","filesize":508444,"url":"https:\/\/www.austriacult.roma.it\/wp-content\/uploads\/2019\/09\/Felber_Mum-is-busy_2008_Mexico_digital-photography_40x60cm-500x9999.jpg"},"vp_md_popup":{"width":800,"height":9999,"mime-type":"image\/jpeg","filesize":766656,"url":"https:\/\/www.austriacult.roma.it\/wp-content\/uploads\/2019\/09\/Felber_Mum-is-busy_2008_Mexico_digital-photography_40x60cm-800x9999.jpg"},"vp_xl_popup":{"width":1920,"height":9999,"mime-type":"image\/jpeg","filesize":1634130,"url":"https:\/\/www.austriacult.roma.it\/wp-content\/uploads\/2019\/09\/Felber_Mum-is-busy_2008_Mexico_digital-photography_40x60cm-1920x9999.jpg"},"list":{"width":734,"height":300,"mime-type":"image\/jpeg","filesize":51490,"url":"https:\/\/www.austriacult.roma.it\/wp-content\/uploads\/2019\/09\/Felber_Mum-is-busy_2008_Mexico_digital-photography_40x60cm-734x300.jpg"},"carousel":{"width":1110,"height":495,"mime-type":"image\/jpeg","filesize":93887,"url":"https:\/\/www.austriacult.roma.it\/wp-content\/uploads\/2019\/09\/Felber_Mum-is-busy_2008_Mexico_digital-photography_40x60cm-1110x495.jpg"},"bigthumb":{"width":350,"height":350,"mime-type":"image\/jpeg","filesize":36970,"url":"https:\/\/www.austriacult.roma.it\/wp-content\/uploads\/2019\/09\/Felber_Mum-is-busy_2008_Mexico_digital-photography_40x60cm-350x350.jpg"},"square-thumb_old_400x400":{"width":400,"height":400,"mime-type":"image\/jpeg","filesize":43005,"url":"https:\/\/www.austriacult.roma.it\/wp-content\/uploads\/2019\/09\/Felber_Mum-is-busy_2008_Mexico_digital-photography_40x60cm-400x400.jpg"}},"original_image":"Felber_Mum-is-busy_2008_Mexico_digital-photography_40x60cm.jpg"},"all_day":false,"start_date":"2019-10-05 00:00:00","start_date_details":{"year":"2019","month":"10","day":"05","hour":"00","minutes":"00","seconds":"00"},"end_date":"2019-10-30 00:00:00","end_date_details":{"year":"2019","month":"10","day":"30","hour":"00","minutes":"00","seconds":"00"},"utc_start_date":"2019-10-04 22:00:00","utc_start_date_details":{"year":"2019","month":"10","day":"04","hour":"22","minutes":"00","seconds":"00"},"utc_end_date":"2019-10-29 23:00:00","utc_end_date_details":{"year":"2019","month":"10","day":"29","hour":"23","minutes":"00","seconds":"00"},"timezone":"Europe\/Berlin","timezone_abbr":"CEST","cost":"","cost_details":{"currency_symbol":"","currency_position":"prefix","values":[]},"website":"","show_map":false,"show_map_link":false,"hide_from_listings":false,"sticky":false,"featured":false,"categories":[{"name":"Ausstellung","slug":"mostre","term_group":0,"term_taxonomy_id":22,"taxonomy":"tribe_events_cat","description":"","parent":32,"count":208,"filter":"raw","term_order":"14","id":20,"urls":{"self":"https:\/\/www.austriacult.roma.it\/de\/wp-json\/tribe\/events\/v1\/categories\/20","collection":"https:\/\/www.austriacult.roma.it\/de\/wp-json\/tribe\/events\/v1\/categories","up":"https:\/\/www.austriacult.roma.it\/de\/wp-json\/tribe\/events\/v1\/categories\/32"}}],"tags":[],"venue":{"id":7034,"author":"2","status":"publish","date":"2019-09-25 16:39:54","date_utc":"2019-09-25 14:39:54","modified":"2019-09-25 16:41:15","modified_utc":"2019-09-25 14:41:15","url":"https:\/\/www.austriacult.roma.it\/de\/venue\/rom-studio-darte-carlo-dorta-piazza-crati-14\/","venue":"Rom &#8211; Studio d&#8217;Arte Carlo D&#8217;Orta, Piazza Crati 14","slug":"roma-studio-darte-carlo-dorta-piazza-crati-14","json_ld":{"@type":"Place","name":"Rom &#8211; Studio d&#8217;Arte Carlo D&#8217;Orta, Piazza Crati 14","description":"","url":"","address":{"@type":"PostalAddress"},"telephone":"","sameAs":""},"show_map":false,"show_map_link":true,"global_id":"www.austriacult.roma.it\/de?id=7034","global_id_lineage":["www.austriacult.roma.it\/de?id=7034"]},"organizer":[],"json_ld":{"@context":"http:\/\/schema.org","@type":"Event","name":"TOWARDS NEW HORIZONS. CARLO D\u00b4ORTA &#038; BERNADETTE FELBER","description":"&lt;p&gt;La fotografa austriaca\u00a0Bernadette Felber\u00a0parteciper\u00e0 alla prossima edizione di Roma Art Week in una doppia personale \u201cTowards New Horizons\u201d (Verso nuovi orizzonti). La mostra \u00e8 curata da Adelinda Allegretti. Orari di apertura: lun-ven ore 16.00 - 20.00, sabato 12 ottobre ore 16-20\u00a0 La fotografa si racconta: \u201cMi interessa fare ricerca sulle aree sociali e politiche oggetto [&hellip;]&lt;\/p&gt;\\n","image":"https:\/\/www.austriacult.roma.it\/wp-content\/uploads\/2019\/09\/Felber_Mum-is-busy_2008_Mexico_digital-photography_40x60cm-scaled.jpg","url":"https:\/\/www.austriacult.roma.it\/de\/veranstaltung\/towards-new-horizons-carlo-dorta-bernadette-felber-2\/","startDate":"2019-10-05T00:00:00+02:00","endDate":"2019-10-30T00:00:00+01:00","location":{"@type":"Place","name":"Rom &#8211; Studio d&#8217;Arte Carlo D&#8217;Orta, Piazza Crati 14","description":"","url":"","address":{"@type":"PostalAddress"},"telephone":"","sameAs":""},"performer":"Organization"}}