{"id":6946,"global_id":"www.austriacult.roma.it\/de?id=6946","global_id_lineage":["www.austriacult.roma.it\/de?id=6946"],"author":"2","status":"publish","date":"2019-09-24 15:23:12","date_utc":"2019-09-24 13:23:12","modified":"2019-09-25 13:28:55","modified_utc":"2019-09-25 11:28:55","url":"https:\/\/www.austriacult.roma.it\/de\/veranstaltung\/caravaggio-bernini\/","rest_url":"https:\/\/www.austriacult.roma.it\/de\/wp-json\/tribe\/events\/v1\/events\/6946","title":"CARAVAGGIO &#038; BERNINI","description":"<p><\/p>\n<p>\u201cDie Entdeckung der Gef\u00fchle\u201d \u2013 unter diesem Motto steht die erste gro\u00dfe Ausstellung mit Werken von<strong> Caravaggio <\/strong>und <strong>Gian Lorenzo\u00a0Bernini in \u00d6sterreich.<\/strong><\/p>\n<p>Obwohl das Kunsthistorische Museum den umfangreichsten und wertvollsten Bestand an Werken Caravaggios und seiner Nachfolger au\u00dferhalb Italiens besitzt, hat in \u00d6sterreich bislang noch keine Ausstellung zu diesem Maler und seiner Zeit stattgefunden. Werke des um eine Generation j\u00fcngeren Bildhauers Gian Lorenzo Bernini, dessen Kunst auch f\u00fcr den \u00f6sterreichischen Barock pr\u00e4gend werden sollte, waren hierzulande bisher ebenfalls kaum zu sehen.<\/p>\n<p>Die Ausstellung sp\u00fcrt dem Ph\u00e4nomen des aufbl\u00fchenden Barockzeitalters nach und stellt die revolution\u00e4re Kunst im Rom dieser Zeit vor. Der Maler Caravaggio und der Bildhauer Bernini waren dabei die f\u00fchrenden Pers\u00f6nlichkeiten, die mit ihrer neuartigen Ausdrucksweise ebenso wie mit ihrem unkonventionellen Lebensstil in Rom f\u00fcr Furore sorgten.<\/p>\n<p>Erstmals sind die beiden weltber\u00fchmten Protagonisten, die jeweils auf ihre Art stilbildend f\u00fcr die europ\u00e4ische Kunst des 17. Jahrhunderts werden sollten, gemeinsam in einer Ausstellung vereint. Was sie verbindet, ist eine neue Aufmerksamkeit f\u00fcr die wirklichkeitsnahe Naturdarstellung und f\u00fcr das Pathos gro\u00dfer Gef\u00fchle. Die Entdeckung der menschlichen Regungen als theatralisches Anliegen des Barocks ist dann auch das zentrale Thema der Ausstellung, die \u2013 von Caravaggio bis Bernini \u2013 rund siebzig Meisterwerke r\u00f6mischer Malerei und Skulptur in einen einzigartigen Dialog setzt.<\/p>\n<p><span style=\"color: #ff0000;\"><strong>\u00d6ffnungszeiten: t\u00e4glich 09.00-18.00 Uhr \u2013 Donnerstag, Samstag und Sonntag bis 21.00 Uhr<\/strong><\/span><\/p>\n<p style=\"text-align: justify;\"><a href=\"https:\/\/www.austriacult.roma.it\/wp-content\/uploads\/2019\/09\/PT_Caravaggio_Bernini_dt.pdf\"><u>Pressemitteilung<\/u><\/a><\/p>\n<p style=\"text-align: justify;\">Weitere Infos auf: <a href=\"https:\/\/caravaggio-bernini.khm.at\">https:\/\/caravaggio-bernini.khm.at<\/a><\/p>\n<p><\/p>","excerpt":"","slug":"caravaggio-bernini","image":{"url":"https:\/\/www.austriacult.roma.it\/wp-content\/uploads\/2019\/09\/cara.jpg","id":6947,"extension":"jpg","width":556,"height":433,"filesize":61290,"sizes":{"square-thumb":{"width":350,"height":350,"mime-type":"image\/jpeg","filesize":17492,"url":"https:\/\/www.austriacult.roma.it\/wp-content\/uploads\/2019\/09\/cara-350x350.jpg"},"thumbnail":{"width":150,"height":150,"mime-type":"image\/jpeg","filesize":4820,"url":"https:\/\/www.austriacult.roma.it\/wp-content\/uploads\/2019\/09\/cara-150x150.jpg"},"1536x1536":{"width":1536,"height":1536,"mime-type":"image\/jpeg","filesize":144679,"url":"https:\/\/www.austriacult.roma.it\/wp-content\/uploads\/2019\/09\/cara-1536x1536.jpg"},"2048x2048":{"width":2048,"height":2048,"mime-type":"image\/jpeg","filesize":213269,"url":"https:\/\/www.austriacult.roma.it\/wp-content\/uploads\/2019\/09\/cara-2048x2048.jpg"},"vp_sm":{"width":500,"height":9999,"mime-type":"image\/jpeg","filesize":339753,"url":"https:\/\/www.austriacult.roma.it\/wp-content\/uploads\/2019\/09\/cara-500x9999.jpg"},"vp_md":{"width":800,"height":9999,"mime-type":"image\/jpeg","filesize":461321,"url":"https:\/\/www.austriacult.roma.it\/wp-content\/uploads\/2019\/09\/cara-800x9999.jpg"},"vp_lg":{"width":1280,"height":9999,"mime-type":"image\/jpeg","filesize":613309,"url":"https:\/\/www.austriacult.roma.it\/wp-content\/uploads\/2019\/09\/cara-1280x9999.jpg"},"vp_xl":{"width":1920,"height":9999,"mime-type":"image\/jpeg","filesize":771278,"url":"https:\/\/www.austriacult.roma.it\/wp-content\/uploads\/2019\/09\/cara-1920x9999.jpg"},"vp_sm_popup":{"width":500,"height":9999,"mime-type":"image\/jpeg","filesize":339753,"url":"https:\/\/www.austriacult.roma.it\/wp-content\/uploads\/2019\/09\/cara-500x9999.jpg"},"vp_md_popup":{"width":800,"height":9999,"mime-type":"image\/jpeg","filesize":461321,"url":"https:\/\/www.austriacult.roma.it\/wp-content\/uploads\/2019\/09\/cara-800x9999.jpg"},"vp_xl_popup":{"width":1920,"height":9999,"mime-type":"image\/jpeg","filesize":771278,"url":"https:\/\/www.austriacult.roma.it\/wp-content\/uploads\/2019\/09\/cara-1920x9999.jpg"},"list":{"width":734,"height":300,"mime-type":"image\/jpeg","filesize":19797,"url":"https:\/\/www.austriacult.roma.it\/wp-content\/uploads\/2019\/09\/cara-734x300.jpg"},"carousel":{"width":1110,"height":495,"mime-type":"image\/jpeg","filesize":40399,"url":"https:\/\/www.austriacult.roma.it\/wp-content\/uploads\/2019\/09\/cara-1110x495.jpg"},"bigthumb":{"width":350,"height":350,"mime-type":"image\/jpeg","filesize":17492,"url":"https:\/\/www.austriacult.roma.it\/wp-content\/uploads\/2019\/09\/cara-350x350.jpg"},"square-thumb_old_400x400":{"width":400,"height":400,"mime-type":"image\/jpeg","filesize":21435,"url":"https:\/\/www.austriacult.roma.it\/wp-content\/uploads\/2019\/09\/cara-400x400.jpg"}}},"all_day":false,"start_date":"2019-10-15 00:00:00","start_date_details":{"year":"2019","month":"10","day":"15","hour":"00","minutes":"00","seconds":"00"},"end_date":"2020-01-19 00:00:00","end_date_details":{"year":"2020","month":"01","day":"19","hour":"00","minutes":"00","seconds":"00"},"utc_start_date":"2019-10-14 22:00:00","utc_start_date_details":{"year":"2019","month":"10","day":"14","hour":"22","minutes":"00","seconds":"00"},"utc_end_date":"2020-01-18 23:00:00","utc_end_date_details":{"year":"2020","month":"01","day":"18","hour":"23","minutes":"00","seconds":"00"},"timezone":"Europe\/Berlin","timezone_abbr":"CEST","cost":"","cost_details":{"currency_symbol":"","currency_position":"prefix","values":[]},"website":"","show_map":false,"show_map_link":false,"hide_from_listings":false,"sticky":false,"featured":false,"categories":[{"name":"Ausstellung","slug":"mostre","term_group":0,"term_taxonomy_id":22,"taxonomy":"tribe_events_cat","description":"","parent":32,"count":208,"filter":"raw","term_order":"14","id":20,"urls":{"self":"https:\/\/www.austriacult.roma.it\/de\/wp-json\/tribe\/events\/v1\/categories\/20","collection":"https:\/\/www.austriacult.roma.it\/de\/wp-json\/tribe\/events\/v1\/categories","up":"https:\/\/www.austriacult.roma.it\/de\/wp-json\/tribe\/events\/v1\/categories\/32"}}],"tags":[],"venue":{"id":6953,"author":"2","status":"publish","date":"2019-09-24 15:27:04","date_utc":"2019-09-24 13:27:04","modified":"2019-09-25 13:29:17","modified_utc":"2019-09-25 11:29:17","url":"https:\/\/www.austriacult.roma.it\/de\/venue\/wien-kunsthistorisches-museum-wien-maria-theresien-platz\/","venue":"Wien \u2013 KUNSTHISTORISCHES MUSEUM WIEN, Maria-Theresien-Platz","slug":"vienna-kunsthistorisches-museum-wien-maria-theresien-platz","json_ld":{"@type":"Place","name":"Wien \u2013 KUNSTHISTORISCHES MUSEUM WIEN, Maria-Theresien-Platz","description":"","url":"","address":{"@type":"PostalAddress"},"telephone":"","sameAs":""},"show_map":false,"show_map_link":true,"global_id":"www.austriacult.roma.it\/de?id=6953","global_id_lineage":["www.austriacult.roma.it\/de?id=6953"]},"organizer":[],"json_ld":{"@context":"http:\/\/schema.org","@type":"Event","name":"CARAVAGGIO &#038; BERNINI","description":"&lt;p&gt;Per la prima volta una grande mostra di Caravaggio e Bernini in Austria. Bench\u00e9 il Kunsthistorisches Museum possieda la raccolta pi\u00f9 vasta e preziosa di opere di Caravaggio e dei suoi successori fuori dall\u2019Italia, non c\u2019\u00e8 mai stata finora una mostra su questo pittore e su questo periodo in Austria. Nemmeno le opere dello scultore [&hellip;]&lt;\/p&gt;\\n","image":"https:\/\/www.austriacult.roma.it\/wp-content\/uploads\/2019\/09\/cara.jpg","url":"https:\/\/www.austriacult.roma.it\/de\/veranstaltung\/caravaggio-bernini\/","startDate":"2019-10-15T00:00:00+02:00","endDate":"2020-01-19T00:00:00+01:00","location":{"@type":"Place","name":"Wien \u2013 KUNSTHISTORISCHES MUSEUM WIEN, Maria-Theresien-Platz","description":"","url":"","address":{"@type":"PostalAddress"},"telephone":"","sameAs":""},"performer":"Organization"}}