{"id":6305,"global_id":"www.austriacult.roma.it\/de?id=6305","global_id_lineage":["www.austriacult.roma.it\/de?id=6305"],"author":"2","status":"publish","date":"2019-06-12 11:37:13","date_utc":"2019-06-12 09:37:13","modified":"2019-06-21 09:30:58","modified_utc":"2019-06-21 07:30:58","url":"https:\/\/www.austriacult.roma.it\/de\/veranstaltung\/3-tage-in-quiberon\/","rest_url":"https:\/\/www.austriacult.roma.it\/de\/wp-json\/tribe\/events\/v1\/events\/6305","title":"3 TAGE IN QUIBERON","description":"<p><\/p>\n<p><strong>Regie: <span style=\"color: #000000;\">Emily Atef; mit: Marie B\u00e4umer, Birgit Minichmayr, Robert Gwisdek, Charly H\u00fcbner. AT\/DE\/FR, 2018, 115\u2019<br \/>\n(in Originalfassung mit italienischen Untertiteln)\u00a0<br \/>\n<\/span><\/strong><\/p>\n<p>&nbsp;<\/p>\n<p>Frankreich 1981: Der Journalist Michael J\u00fcrgs bekommt die Chance, den Weltstar Romy Schneider in dem kleinen bretonischen Ort Quiberon f\u00fcr den STERN zu interviewen. Aus dem Termin werden drei Tage voller gro\u00dfer Emotionen, die alle Beteiligten \u2013 inkl. Romys Freundin Hilde und Fotograf Robert Lebeck\u00a0 \u2013 an ihre Grenzen bringen und ihre Lebenswege nachhaltig beeinflussen&#8230;<\/p>\n<p><a href=\"https:\/\/www.austriacult.roma.it\/wp-content\/uploads\/2019\/06\/flyer-aggiornato.pdf\"><span style=\"text-decoration: underline;\"><strong>Sommerkino &#8211; alle Filme<\/strong><\/span><\/a><\/p>\n<p>&nbsp;<\/p>\n<p><\/p>","excerpt":"","slug":"3-tage-in-quiberon-film-in-v-o-con-sottotitoli-in-italiano","image":{"url":"https:\/\/www.austriacult.roma.it\/wp-content\/uploads\/2019\/06\/3-Tage-scaled.jpg","id":6334,"extension":"jpg","width":2560,"height":2560,"filesize":1317315,"sizes":{"square-thumb":{"width":350,"height":350,"mime-type":"image\/jpeg","filesize":33210,"url":"https:\/\/www.austriacult.roma.it\/wp-content\/uploads\/2019\/06\/3-Tage-350x350.jpg"},"thumbnail":{"width":150,"height":150,"mime-type":"image\/jpeg","filesize":16078,"url":"https:\/\/www.austriacult.roma.it\/wp-content\/uploads\/2019\/06\/3-Tage-150x150.jpg"},"1536x1536":{"width":1536,"height":1536,"mime-type":"image\/jpeg","filesize":414135,"url":"https:\/\/www.austriacult.roma.it\/wp-content\/uploads\/2019\/06\/3-Tage-1536x1536.jpg"},"2048x2048":{"width":2048,"height":2048,"mime-type":"image\/jpeg","filesize":815080,"url":"https:\/\/www.austriacult.roma.it\/wp-content\/uploads\/2019\/06\/3-Tage-2048x2048.jpg"},"vp_sm":{"width":500,"height":9999,"mime-type":"image\/jpeg","filesize":705407,"url":"https:\/\/www.austriacult.roma.it\/wp-content\/uploads\/2019\/06\/3-Tage-500x9999.jpg"},"vp_md":{"width":800,"height":9999,"mime-type":"image\/jpeg","filesize":1125285,"url":"https:\/\/www.austriacult.roma.it\/wp-content\/uploads\/2019\/06\/3-Tage-800x9999.jpg"},"vp_lg":{"width":1280,"height":9999,"mime-type":"image\/jpeg","filesize":1877349,"url":"https:\/\/www.austriacult.roma.it\/wp-content\/uploads\/2019\/06\/3-Tage-1280x9999.jpg"},"vp_xl":{"width":1920,"height":9999,"mime-type":"image\/jpeg","filesize":2930728,"url":"https:\/\/www.austriacult.roma.it\/wp-content\/uploads\/2019\/06\/3-Tage-1920x9999.jpg"},"vp_sm_popup":{"width":500,"height":9999,"mime-type":"image\/jpeg","filesize":705407,"url":"https:\/\/www.austriacult.roma.it\/wp-content\/uploads\/2019\/06\/3-Tage-500x9999.jpg"},"vp_md_popup":{"width":800,"height":9999,"mime-type":"image\/jpeg","filesize":1125285,"url":"https:\/\/www.austriacult.roma.it\/wp-content\/uploads\/2019\/06\/3-Tage-800x9999.jpg"},"vp_xl_popup":{"width":1920,"height":9999,"mime-type":"image\/jpeg","filesize":2930728,"url":"https:\/\/www.austriacult.roma.it\/wp-content\/uploads\/2019\/06\/3-Tage-1920x9999.jpg"},"list":{"width":734,"height":300,"mime-type":"image\/jpeg","filesize":44761,"url":"https:\/\/www.austriacult.roma.it\/wp-content\/uploads\/2019\/06\/3-Tage-734x300.jpg"},"carousel":{"width":1110,"height":495,"mime-type":"image\/jpeg","filesize":94459,"url":"https:\/\/www.austriacult.roma.it\/wp-content\/uploads\/2019\/06\/3-Tage-1110x495.jpg"},"bigthumb":{"width":350,"height":350,"mime-type":"image\/jpeg","filesize":33210,"url":"https:\/\/www.austriacult.roma.it\/wp-content\/uploads\/2019\/06\/3-Tage-350x350.jpg"},"square-thumb_old_400x400":{"width":400,"height":400,"mime-type":"image\/jpeg","filesize":38576,"url":"https:\/\/www.austriacult.roma.it\/wp-content\/uploads\/2019\/06\/3-Tage-400x400.jpg"}},"original_image":"3-Tage.jpg"},"all_day":false,"start_date":"2019-07-02 21:00:00","start_date_details":{"year":"2019","month":"07","day":"02","hour":"21","minutes":"00","seconds":"00"},"end_date":"2019-07-02 21:00:00","end_date_details":{"year":"2019","month":"07","day":"02","hour":"21","minutes":"00","seconds":"00"},"utc_start_date":"2019-07-02 19:00:00","utc_start_date_details":{"year":"2019","month":"07","day":"02","hour":"19","minutes":"00","seconds":"00"},"utc_end_date":"2019-07-02 19:00:00","utc_end_date_details":{"year":"2019","month":"07","day":"02","hour":"19","minutes":"00","seconds":"00"},"timezone":"Europe\/Berlin","timezone_abbr":"CEST","cost":"Free","cost_details":{"currency_symbol":"","currency_position":"prefix","values":["0"]},"website":"www.austriacult.roma.it","show_map":false,"show_map_link":false,"hide_from_listings":false,"sticky":false,"featured":false,"categories":[{"name":"Film","slug":"kino","term_group":0,"term_taxonomy_id":24,"taxonomy":"tribe_events_cat","description":"","parent":32,"count":175,"filter":"raw","term_order":"17","id":8,"urls":{"self":"https:\/\/www.austriacult.roma.it\/de\/wp-json\/tribe\/events\/v1\/categories\/8","collection":"https:\/\/www.austriacult.roma.it\/de\/wp-json\/tribe\/events\/v1\/categories","up":"https:\/\/www.austriacult.roma.it\/de\/wp-json\/tribe\/events\/v1\/categories\/32"}}],"tags":[],"venue":{"id":657,"author":"2","status":"publish","date":"2014-02-06 15:49:30","date_utc":"2014-02-06 14:49:30","modified":"2022-05-13 14:33:08","modified_utc":"2022-05-13 12:33:08","url":"https:\/\/www.austriacult.roma.it\/de\/venue\/forum-austriaco-di-cultura-roma\/","venue":"Rom &#8211; \u00d6sterreichisches Kulturforum, Viale Bruno Buozzi 113","description":"<p><\/p>\n<p>Holzknechte und ihre Familien aus dem Trauntal bei Bad Ischl machten sich im Jahr 1775 im Auftrag von Kaiserin Maria Theresia in die Waldkarpaten (heute Ukraine), auf &#8211; mit dem Ziel, sich in dem damals \u00d6sterreich-Ungarischen Gebiet anzusiedeln, um Holzgewinnung zu betreiben. Das Holz war ein wichtiger Rohstoff f\u00fcr den Salzbergbau und wurde im 70 km s\u00fcdlich gelegenen Solotvina f\u00fcr die dort florierende Salzgewinnung gebraucht. In K\u00f6nigsfeld (Ust-Tschorna) leben bis heute Nachfahren der ober\u00f6sterreichischen Kolonisten. Etwa 20 Familien sind der mitgebrachte Dialekt und so mancher Brauch noch gel\u00e4ufig. Ihre Lebensgrundlage ist nach wie vor die Holzwirtschaft.<\/p>\n<p>Der Fotograf Dominik Geiger hat das Dorf mit seinen rund 1500 Einwohnern besucht und seine Eindr\u00fccke dokumentarisch festgehalten. Eine Auswahl daraus ist in der Ausstellung am KF Rom zu sehen.<\/p>\n<p>Die Ausstellung ist bis 8. Juli 2022 von Montag bis Freitag, 9.00 \u2013 17.00 Uhr ge\u00f6ffnet.<\/p>\n<p><strong>Dominik Geiger<\/strong> (*1985) lebt und arbeitet als konzeptueller Fotograf in Wien. Gemeinsam mit Anna Mustapic rief er die Hello World Gallery 2018 ins Leben, eine hybride Galerie mit physischem Ausstellungsraum und digitalem Vertrieb, fokussiert auf junge zeitgen\u00f6ssische Fotografie.<\/p>\n<p>H\u00f6here Ausbildung f\u00fcr Architektur und Hochbau &#8211; Camillo Sitte Wien (Klasse Arch. Szedonja),<\/p>\n<p>Magister in Betriebswirtschaftslehre &#8211; WU Wien mit Spezialisierung in Entrepreneurship &amp; Innovation (Dr. Nikolaus Franke) &amp; Supply Chain Management<\/p>\n<p>Auslandsaufenthalt LSE &#8211; London School of Economics and Political Science<\/p>\n<p>&nbsp;<\/p>\n<p><\/p>","slug":"forum-austriaco-di-cultura-roma","image":{"url":"https:\/\/www.austriacult.roma.it\/wp-content\/uploads\/2014\/02\/Dominik_Geiger_Mainroad_2020_The-Valley.width-600.jpg","id":11789,"extension":"jpg","width":600,"height":397,"filesize":55072,"sizes":{"square-thumb":{"width":350,"height":350,"mime-type":"image\/jpeg","filesize":22298,"url":"https:\/\/www.austriacult.roma.it\/wp-content\/uploads\/2014\/02\/Dominik_Geiger_Mainroad_2020_The-Valley.width-600-350x350.jpg"},"thumbnail":{"width":150,"height":150,"mime-type":"image\/jpeg","filesize":5225,"url":"https:\/\/www.austriacult.roma.it\/wp-content\/uploads\/2014\/02\/Dominik_Geiger_Mainroad_2020_The-Valley.width-600-150x150.jpg"},"1536x1536":{"width":1536,"height":1536,"mime-type":"image\/jpeg","filesize":223159,"url":"https:\/\/www.austriacult.roma.it\/wp-content\/uploads\/2014\/02\/Dominik_Geiger_Mainroad_2020_The-Valley.width-600-1536x1536.jpg"},"2048x2048":{"width":2048,"height":2048,"mime-type":"image\/jpeg","filesize":328728,"url":"https:\/\/www.austriacult.roma.it\/wp-content\/uploads\/2014\/02\/Dominik_Geiger_Mainroad_2020_The-Valley.width-600-2048x2048.jpg"},"vp_sm":{"width":500,"height":9999,"mime-type":"image\/jpeg","filesize":459643,"url":"https:\/\/www.austriacult.roma.it\/wp-content\/uploads\/2014\/02\/Dominik_Geiger_Mainroad_2020_The-Valley.width-600-500x9999.jpg"},"vp_md":{"width":800,"height":9999,"mime-type":"image\/jpeg","filesize":620730,"url":"https:\/\/www.austriacult.roma.it\/wp-content\/uploads\/2014\/02\/Dominik_Geiger_Mainroad_2020_The-Valley.width-600-800x9999.jpg"},"vp_lg":{"width":1280,"height":9999,"mime-type":"image\/jpeg","filesize":849545,"url":"https:\/\/www.austriacult.roma.it\/wp-content\/uploads\/2014\/02\/Dominik_Geiger_Mainroad_2020_The-Valley.width-600-1280x9999.jpg"},"vp_xl":{"width":1920,"height":9999,"mime-type":"image\/jpeg","filesize":1093070,"url":"https:\/\/www.austriacult.roma.it\/wp-content\/uploads\/2014\/02\/Dominik_Geiger_Mainroad_2020_The-Valley.width-600-1920x9999.jpg"},"vp_sm_popup":{"width":500,"height":9999,"mime-type":"image\/jpeg","filesize":459643,"url":"https:\/\/www.austriacult.roma.it\/wp-content\/uploads\/2014\/02\/Dominik_Geiger_Mainroad_2020_The-Valley.width-600-500x9999.jpg"},"vp_md_popup":{"width":800,"height":9999,"mime-type":"image\/jpeg","filesize":620730,"url":"https:\/\/www.austriacult.roma.it\/wp-content\/uploads\/2014\/02\/Dominik_Geiger_Mainroad_2020_The-Valley.width-600-800x9999.jpg"},"vp_xl_popup":{"width":1920,"height":9999,"mime-type":"image\/jpeg","filesize":1093070,"url":"https:\/\/www.austriacult.roma.it\/wp-content\/uploads\/2014\/02\/Dominik_Geiger_Mainroad_2020_The-Valley.width-600-1920x9999.jpg"},"list":{"width":734,"height":300,"mime-type":"image\/jpeg","filesize":40391,"url":"https:\/\/www.austriacult.roma.it\/wp-content\/uploads\/2014\/02\/Dominik_Geiger_Mainroad_2020_The-Valley.width-600-734x300.jpg"},"carousel":{"width":1110,"height":495,"mime-type":"image\/jpeg","filesize":78934,"url":"https:\/\/www.austriacult.roma.it\/wp-content\/uploads\/2014\/02\/Dominik_Geiger_Mainroad_2020_The-Valley.width-600-1110x495.jpg"},"bigthumb":{"width":350,"height":350,"mime-type":"image\/jpeg","filesize":22298,"url":"https:\/\/www.austriacult.roma.it\/wp-content\/uploads\/2014\/02\/Dominik_Geiger_Mainroad_2020_The-Valley.width-600-350x350.jpg"},"square-thumb_old_400x400":{"width":400,"height":400,"mime-type":"image\/jpeg","filesize":27792,"url":"https:\/\/www.austriacult.roma.it\/wp-content\/uploads\/2014\/02\/Dominik_Geiger_Mainroad_2020_The-Valley.width-600-400x400.jpg"}}},"zip":"00197","json_ld":{"@type":"Place","name":"Rom &#8211; \u00d6sterreichisches Kulturforum, Viale Bruno Buozzi 113","description":"&lt;p&gt;Holzknechte und ihre Familien aus dem Trauntal bei Bad Ischl machten sich im Jahr 1775 im Auftrag von Kaiserin Maria Theresia in die Waldkarpaten (heute Ukraine), auf - mit dem Ziel, sich in dem damals \u00d6sterreich-Ungarischen Gebiet anzusiedeln, um Holzgewinnung zu betreiben. Das Holz war ein wichtiger Rohstoff f\u00fcr den Salzbergbau und wurde im 70 [&hellip;]&lt;\/p&gt;\\n","image":"https:\/\/www.austriacult.roma.it\/wp-content\/uploads\/2014\/02\/Dominik_Geiger_Mainroad_2020_The-Valley.width-600.jpg","url":"","address":{"@type":"PostalAddress","postalCode":"00197"},"telephone":"","sameAs":""},"show_map":false,"show_map_link":false,"global_id":"www.austriacult.roma.it\/de?id=657","global_id_lineage":["www.austriacult.roma.it\/de?id=657"]},"organizer":[],"json_ld":{"@context":"http:\/\/schema.org","@type":"Event","name":"3 TAGE IN QUIBERON","description":"&lt;p&gt;Film di Emily Atef con Marie B\u00e4umer, Birgit Minichmayr, Robert Gwisdek AT\/DE\/FR 2018, 115\u2019. In lingua originale con sottotitoli in italiano. &nbsp; Tre giorni nella vita di Romy Schneider, tra feste, incontri, confessioni sorprendenti e una lunga intervista al settimanale Stern, che sar\u00e0 la sua ultima e diverr\u00e0 leggendaria. Il mito della grande star austriaca [&hellip;]&lt;\/p&gt;\\n","image":"https:\/\/www.austriacult.roma.it\/wp-content\/uploads\/2019\/06\/3-Tage-scaled.jpg","url":"https:\/\/www.austriacult.roma.it\/de\/veranstaltung\/3-tage-in-quiberon\/","startDate":"2019-07-02T21:00:00+02:00","endDate":"2019-07-02T21:00:00+02:00","location":{"@type":"Place","name":"Rom &#8211; \u00d6sterreichisches Kulturforum, Viale Bruno Buozzi 113","description":"&lt;p&gt;Holzknechte und ihre Familien aus dem Trauntal bei Bad Ischl machten sich im Jahr 1775 im Auftrag von Kaiserin Maria Theresia in die Waldkarpaten (heute Ukraine), auf - mit dem Ziel, sich in dem damals \u00d6sterreich-Ungarischen Gebiet anzusiedeln, um Holzgewinnung zu betreiben. Das Holz war ein wichtiger Rohstoff f\u00fcr den Salzbergbau und wurde im 70 [&hellip;]&lt;\/p&gt;\\n","image":"https:\/\/www.austriacult.roma.it\/wp-content\/uploads\/2014\/02\/Dominik_Geiger_Mainroad_2020_The-Valley.width-600.jpg","url":"","address":{"@type":"PostalAddress","postalCode":"00197"},"telephone":"","sameAs":""},"offers":{"@type":"Offer","price":"0","priceCurrency":"USD","url":"https:\/\/www.austriacult.roma.it\/de\/veranstaltung\/3-tage-in-quiberon\/","category":"primary","availability":"inStock","validFrom":"1970-01-01T00:00:00+00:00"},"performer":"Organization"}}