{"id":27363,"global_id":"www.austriacult.roma.it\/de?id=27363","global_id_lineage":["www.austriacult.roma.it\/de?id=27363"],"author":"2","status":"publish","date":"2026-08-14 16:46:36","date_utc":"2026-08-14 14:46:36","modified":"2026-09-01 11:40:20","modified_utc":"2026-09-01 09:40:20","url":"https:\/\/www.austriacult.roma.it\/de\/veranstaltung\/when-time-condensate-bernd-oppl-2\/","rest_url":"https:\/\/www.austriacult.roma.it\/de\/wp-json\/tribe\/events\/v1\/events\/27363","title":"WHEN TIME CONDENSATE | Bernd Oppl","description":"<p><\/p>\n<p><strong>Bernd Oppl<\/strong> ist mit seiner Einzelschau <strong>WHEN TIME CONDENSATE <\/strong>bis zum 26. September in den r\u00f6mischen Zisternen in Fermo zu sehen. \u201eIn diesem von Erinnerung gepr\u00e4gten R\u00e4umlichkeiten f\u00fcgen sich die Werke des \u00f6sterreichischen K\u00fcnstlers als Zeichen eines kontinuierlichen Werdens ein. Weder einfache Ruinen noch blo\u00dfe Projektionen: Alles befindet sich in einem Schwebezustand, in dem Vergangenheit und Zukunft, Wachstum und Verfall, Erinnerung und Simulation nahtlos miteinander verflochten sind.\u201c (so der Journalist Danilo Monterubbianesi in seinem Artikel in der italienischen Tageszeitung <em>il Resto del Carlino<\/em>)<\/p>\n<p>&nbsp;<\/p>\n<p><strong>Bernd Oppl<\/strong><\/p>\n<p>Geboren 1980 in Innsbruck. Studium der Malerei und Grafik an der Kunstuniversit\u00e4t Linz sowie Video- und Videoinstallation an der Akademie der Bildenden K\u00fcnste Wien. Lebt und arbeitet in Wien.<\/p>\n<p><a href=\"https:\/\/berndoppl.net\/\">berndoppl.net<\/a><\/p>\n<p><em>\u00a0<\/em><\/p>\n<p>&nbsp;<\/p>\n<p>DAUER DER AUSSTELLUNG:<\/p>\n<p>Die Ausstellung ist bis zum 26. September 2026 \u00f6ffentlich zug\u00e4nglich.<\/p>\n<p>Uhrzeiten: Freitag 17.00-20.00 Uh , Samstag und Sonntag 11.00-13.00 Uhr und 17.00-20.00 Uhr<\/p>\n<p><\/p>","excerpt":"","slug":"when-time-condensate-bernd-oppl-2","image":{"url":"https:\/\/www.austriacult.roma.it\/wp-content\/uploads\/2026\/08\/HP-When-Time-Condensate-Poster-4x5-Instagram-FINAL.jpg","id":27360,"extension":"jpg","width":800,"height":1000,"filesize":750272,"sizes":{"thumbnail":{"width":150,"height":150,"mime-type":"image\/jpeg","filesize":12661,"url":"https:\/\/www.austriacult.roma.it\/wp-content\/uploads\/2026\/08\/HP-When-Time-Condensate-Poster-4x5-Instagram-FINAL-150x150.jpg"},"1536x1536":{"width":1536,"height":1536,"mime-type":"image\/jpeg","filesize":322293,"url":"https:\/\/www.austriacult.roma.it\/wp-content\/uploads\/2026\/08\/HP-When-Time-Condensate-Poster-4x5-Instagram-FINAL-1536x1536.jpg"},"2048x2048":{"width":2048,"height":2048,"mime-type":"image\/jpeg","filesize":490753,"url":"https:\/\/www.austriacult.roma.it\/wp-content\/uploads\/2026\/08\/HP-When-Time-Condensate-Poster-4x5-Instagram-FINAL-2048x2048.jpg"},"vp_sm":{"width":500,"height":9999,"mime-type":"image\/jpeg","filesize":563023,"url":"https:\/\/www.austriacult.roma.it\/wp-content\/uploads\/2026\/08\/HP-When-Time-Condensate-Poster-4x5-Instagram-FINAL-500x9999.jpg"},"vp_md":{"width":800,"height":9999,"mime-type":"image\/jpeg","filesize":911907,"url":"https:\/\/www.austriacult.roma.it\/wp-content\/uploads\/2026\/08\/HP-When-Time-Condensate-Poster-4x5-Instagram-FINAL-800x9999.jpg"},"vp_lg":{"width":1280,"height":9999,"mime-type":"image\/jpeg","filesize":1149470,"url":"https:\/\/www.austriacult.roma.it\/wp-content\/uploads\/2026\/08\/HP-When-Time-Condensate-Poster-4x5-Instagram-FINAL-1280x9999.jpg"},"vp_xl":{"width":1920,"height":9999,"mime-type":"image\/jpeg","filesize":1502415,"url":"https:\/\/www.austriacult.roma.it\/wp-content\/uploads\/2026\/08\/HP-When-Time-Condensate-Poster-4x5-Instagram-FINAL-1920x9999.jpg"},"vp_sm_popup":{"width":500,"height":9999,"mime-type":"image\/jpeg","filesize":563023,"url":"https:\/\/www.austriacult.roma.it\/wp-content\/uploads\/2026\/08\/HP-When-Time-Condensate-Poster-4x5-Instagram-FINAL-500x9999.jpg"},"vp_md_popup":{"width":800,"height":9999,"mime-type":"image\/jpeg","filesize":911907,"url":"https:\/\/www.austriacult.roma.it\/wp-content\/uploads\/2026\/08\/HP-When-Time-Condensate-Poster-4x5-Instagram-FINAL-800x9999.jpg"},"vp_xl_popup":{"width":1920,"height":9999,"mime-type":"image\/jpeg","filesize":1502415,"url":"https:\/\/www.austriacult.roma.it\/wp-content\/uploads\/2026\/08\/HP-When-Time-Condensate-Poster-4x5-Instagram-FINAL-1920x9999.jpg"},"list":{"width":734,"height":300,"mime-type":"image\/jpeg","filesize":39973,"url":"https:\/\/www.austriacult.roma.it\/wp-content\/uploads\/2026\/08\/HP-When-Time-Condensate-Poster-4x5-Instagram-FINAL-734x300.jpg"},"carousel":{"width":1110,"height":495,"mime-type":"image\/jpeg","filesize":79991,"url":"https:\/\/www.austriacult.roma.it\/wp-content\/uploads\/2026\/08\/HP-When-Time-Condensate-Poster-4x5-Instagram-FINAL-1110x495.jpg"},"bigthumb":{"width":350,"height":350,"mime-type":"image\/jpeg","filesize":30861,"url":"https:\/\/www.austriacult.roma.it\/wp-content\/uploads\/2026\/08\/HP-When-Time-Condensate-Poster-4x5-Instagram-FINAL-350x350.jpg"},"square-thumb":{"width":350,"height":350,"mime-type":"image\/jpeg","filesize":31505,"url":"https:\/\/www.austriacult.roma.it\/wp-content\/uploads\/2026\/08\/HP-When-Time-Condensate-Poster-4x5-Instagram-FINAL-350x350.jpg"}},"micSelectedArea":{"thumbnail":{"x":"0","y":"60","w":"480","h":"480","scale":"1.6666666666667"},"carousel":{"x":"-0.20000000000004547","y":"137","w":"763.2","h":"340.3459459459524","scale":"1.4544025157233"},"list":{"x":"0","y":"167","w":"763","h":"311.8528610354181","scale":"1.0482180293501"},"bigthumb":{"x":"0","y":"95","w":"763","h":"763","scale":"1.0482180293501"}}},"all_day":true,"start_date":"2026-09-07 00:00:00","start_date_details":{"year":"2026","month":"09","day":"07","hour":"00","minutes":"00","seconds":"00"},"end_date":"2026-09-26 23:59:59","end_date_details":{"year":"2026","month":"09","day":"26","hour":"23","minutes":"59","seconds":"59"},"utc_start_date":"2026-09-06 22:00:00","utc_start_date_details":{"year":"2026","month":"09","day":"06","hour":"22","minutes":"00","seconds":"00"},"utc_end_date":"2026-09-26 21:59:59","utc_end_date_details":{"year":"2026","month":"09","day":"26","hour":"21","minutes":"59","seconds":"59"},"timezone":"Europe\/Berlin","timezone_abbr":"CEST","cost":"","cost_details":{"currency_symbol":"","currency_position":"prefix","values":[]},"website":"","show_map":false,"show_map_link":false,"hide_from_listings":false,"sticky":false,"featured":false,"categories":[{"name":"Ausstellung","slug":"mostre","term_group":0,"term_taxonomy_id":22,"taxonomy":"tribe_events_cat","description":"","parent":32,"count":212,"filter":"raw","term_order":"15","id":20,"urls":{"self":"https:\/\/www.austriacult.roma.it\/de\/wp-json\/tribe\/events\/v1\/categories\/20","collection":"https:\/\/www.austriacult.roma.it\/de\/wp-json\/tribe\/events\/v1\/categories","up":"https:\/\/www.austriacult.roma.it\/de\/wp-json\/tribe\/events\/v1\/categories\/32"}}],"tags":[],"venue":{"id":27361,"author":"2","status":"publish","date":"2026-08-14 16:45:07","date_utc":"2026-08-14 14:45:07","modified":"2026-08-14 16:45:07","modified_utc":"2026-08-14 14:45:07","url":"https:\/\/www.austriacult.roma.it\/de\/venue\/fermo-piccole-cisterne-romane-largo-calzecchi-onesti\/","venue":"Fermo \u2013 PICCOLE CISTERNE ROMANE, Largo Calzecchi Onesti","slug":"fermo-piccole-cisterne-romane-largo-calzecchi-onesti","json_ld":{"@type":"Place","name":"Fermo \u2013 PICCOLE CISTERNE ROMANE, Largo Calzecchi Onesti","description":"","url":"","address":{"@type":"PostalAddress"},"telephone":"","sameAs":""},"show_map":true,"show_map_link":true,"global_id":"www.austriacult.roma.it\/de?id=27361","global_id_lineage":["www.austriacult.roma.it\/de?id=27361"]},"organizer":[],"json_ld":{"@context":"http:\/\/schema.org","@type":"Event","name":"WHEN TIME CONDENSATE | Bernd Oppl","description":"&lt;p&gt;All\\'interno delle cisterne romane, dove secoli di circolazione si sono lentamente iscritti nella pietra, le opere di Oppl appaiono come manifestazioni di questo continuo divenire. N\u00e9 rovine n\u00e9 proiezioni, abitano una condizione sospesa nella quale passato e futuro, crescita e decadimento, memoria e simulazione rimangono inseparabili. I loro spazi sono meno rappresentazioni che stati di [&hellip;]&lt;\/p&gt;\\n","image":"https:\/\/www.austriacult.roma.it\/wp-content\/uploads\/2026\/08\/HP-When-Time-Condensate-Poster-4x5-Instagram-FINAL.jpg","url":"https:\/\/www.austriacult.roma.it\/de\/veranstaltung\/when-time-condensate-bernd-oppl-2\/","startDate":"2026-09-07T00:00:00+02:00","endDate":"2026-09-26T23:59:59+02:00","location":{"@type":"Place","name":"Fermo \u2013 PICCOLE CISTERNE ROMANE, Largo Calzecchi Onesti","description":"","url":"","address":{"@type":"PostalAddress"},"telephone":"","sameAs":""},"performer":"Organization"}}