{"id":23011,"global_id":"www.austriacult.roma.it\/de?id=23011","global_id_lineage":["www.austriacult.roma.it\/de?id=23011"],"author":"2","status":"publish","date":"2025-02-25 14:42:18","date_utc":"2025-02-25 13:42:18","modified":"2025-02-25 14:44:25","modified_utc":"2025-02-25 13:44:25","url":"https:\/\/www.austriacult.roma.it\/de\/veranstaltung\/mosaic-christian-fennesz\/","rest_url":"https:\/\/www.austriacult.roma.it\/de\/wp-json\/tribe\/events\/v1\/events\/23011","title":"MOSAIC | Christian Fennesz","description":"<p><\/p>\n<p style=\"text-align: justify;\">Der talentierte \u00f6sterreichische Klangk\u00fcnstler <strong>Christian Fennesz<\/strong> kommt f\u00fcr ein einzigartiges Klangerlebnis nach Neapel. Seine Live-Performance ist von \u00e4therischen Gitarren und einh\u00fcllender elektronischer Atmosph\u00e4re gepr\u00e4gt, die zwischen Melodie und Abstraktion schwebt. In Neapel wird er sein neues Werk \u201e<strong>Mosaic<\/strong>\u201c pr\u00e4sentieren, welches f\u00fcr Liebhaber von Ambient-Musik ein unverzichtbares Ereignis darstellt.<\/p>\n<p style=\"text-align: justify;\"><span style=\"color: #0000ff;\"><a style=\"color: #0000ff;\" href=\"https:\/\/www.austriacult.roma.it\/wp-content\/uploads\/2025\/02\/CS-Fennesz-a-Napoli-Auditorium-del-900.pdf\">Pressemitteilung Italienisch<\/a><\/span><\/p>\n<p style=\"text-align: justify;\">Der \u00f6sterreichische Gitarrist, Komponist und Elektronikmusiker <a href=\"https:\/\/www.fennesz.com\/\"><strong><span style=\"color: #0000ff;\">Christian Fennesz<\/span><\/strong><\/a> gilt als Schl\u00fcsselfigur und eine der markantesten Klangstimmen der heutigen elektronischen Musik. Sein umfangreiches internationales Ansehen hat er sich durch seinen bedeutenden Gesamtbeitrag zu neuen musikalischen Ausdrucksformen erworben. In den fr\u00fchen 1990er Jahren hat sich Fennesz in der Wiener Techno-Szene etabliert und beschloss seine eigene Klangwelt im charakteristischen elektronischen Idiom zu entwickeln. Sein unverwechselbarer Klang entsteht dadurch, dass er den Sound der Gitarre, die er an den Laptop anschlie\u00dft bearbeitet und transformiert. In den letzten 10 Jahren hat Fennesz mit vielen Musikern, Filmemachern und T\u00e4nzern zusammengearbeitet. Diese Begegnungen verschiedener Kunstformen haben zu zahlreichen B\u00fchnenauftritten und mehreren au\u00dfergew\u00f6hnlichen Studiover\u00f6ffentlichungen gef\u00fchrt. Er hat Aufnahmen und Auftritte mit Ryuichi Sakamoto, David Sylvian, Keith Rowe, Mark Linkous von Sparklehorse, Mike Patton und vielen anderen gemacht.<\/p>\n<p style=\"text-align: justify;\">Kartenverkauf: <span style=\"color: #0000ff;\"><a style=\"color: #0000ff;\" href=\"https:\/\/bit.ly\/Fennesz_AuditoriumNovecento\">https:\/\/bit.ly\/Fennesz_AuditoriumNovecento<\/a><\/span><\/p>\n<p style=\"text-align: justify;\">Kontakt: <span style=\"color: #0000ff;\"><a style=\"color: #0000ff;\" href=\"mailto:prenotazionirockalvi@hotmail.com\">prenotazionirockalvi@hotmail.com<\/a><\/span><\/p>\n<p>&nbsp;<\/p>\n<p><\/p>","excerpt":"","slug":"mosaic-christian-fennesz","image":{"url":"https:\/\/www.austriacult.roma.it\/wp-content\/uploads\/2025\/02\/Fennesz-\u2013-photo-by-Carsten-Nicolai-2-HP.jpg","id":23013,"extension":"jpg","width":800,"height":865,"filesize":105120,"sizes":{"square-thumb":{"width":350,"height":350,"mime-type":"image\/jpeg","filesize":15575,"url":"https:\/\/www.austriacult.roma.it\/wp-content\/uploads\/2025\/02\/Fennesz-\u2013-photo-by-Carsten-Nicolai-2-HP-350x350.jpg"},"thumbnail":{"width":150,"height":150,"mime-type":"image\/jpeg","filesize":7153,"url":"https:\/\/www.austriacult.roma.it\/wp-content\/uploads\/2025\/02\/Fennesz-\u2013-photo-by-Carsten-Nicolai-2-HP-150x150.jpg"},"1536x1536":{"width":1536,"height":1536,"mime-type":"image\/jpeg","filesize":99622,"url":"https:\/\/www.austriacult.roma.it\/wp-content\/uploads\/2025\/02\/Fennesz-\u2013-photo-by-Carsten-Nicolai-2-HP-1536x1536.jpg"},"2048x2048":{"width":2048,"height":2048,"mime-type":"image\/jpeg","filesize":145943,"url":"https:\/\/www.austriacult.roma.it\/wp-content\/uploads\/2025\/02\/Fennesz-\u2013-photo-by-Carsten-Nicolai-2-HP-2048x2048.jpg"},"vp_sm":{"width":500,"height":9999,"mime-type":"image\/jpeg","filesize":230213,"url":"https:\/\/www.austriacult.roma.it\/wp-content\/uploads\/2025\/02\/Fennesz-\u2013-photo-by-Carsten-Nicolai-2-HP-500x9999.jpg"},"vp_md":{"width":800,"height":9999,"mime-type":"image\/jpeg","filesize":314390,"url":"https:\/\/www.austriacult.roma.it\/wp-content\/uploads\/2025\/02\/Fennesz-\u2013-photo-by-Carsten-Nicolai-2-HP-800x9999.jpg"},"vp_lg":{"width":1280,"height":9999,"mime-type":"image\/jpeg","filesize":390938,"url":"https:\/\/www.austriacult.roma.it\/wp-content\/uploads\/2025\/02\/Fennesz-\u2013-photo-by-Carsten-Nicolai-2-HP-1280x9999.jpg"},"vp_xl":{"width":1920,"height":9999,"mime-type":"image\/jpeg","filesize":485927,"url":"https:\/\/www.austriacult.roma.it\/wp-content\/uploads\/2025\/02\/Fennesz-\u2013-photo-by-Carsten-Nicolai-2-HP-1920x9999.jpg"},"vp_sm_popup":{"width":500,"height":9999,"mime-type":"image\/jpeg","filesize":230213,"url":"https:\/\/www.austriacult.roma.it\/wp-content\/uploads\/2025\/02\/Fennesz-\u2013-photo-by-Carsten-Nicolai-2-HP-500x9999.jpg"},"vp_md_popup":{"width":800,"height":9999,"mime-type":"image\/jpeg","filesize":314390,"url":"https:\/\/www.austriacult.roma.it\/wp-content\/uploads\/2025\/02\/Fennesz-\u2013-photo-by-Carsten-Nicolai-2-HP-800x9999.jpg"},"vp_xl_popup":{"width":1920,"height":9999,"mime-type":"image\/jpeg","filesize":485927,"url":"https:\/\/www.austriacult.roma.it\/wp-content\/uploads\/2025\/02\/Fennesz-\u2013-photo-by-Carsten-Nicolai-2-HP-1920x9999.jpg"},"list":{"width":734,"height":300,"mime-type":"image\/jpeg","filesize":11928,"url":"https:\/\/www.austriacult.roma.it\/wp-content\/uploads\/2025\/02\/Fennesz-\u2013-photo-by-Carsten-Nicolai-2-HP-734x300.jpg"},"carousel":{"width":1110,"height":495,"mime-type":"image\/jpeg","filesize":21243,"url":"https:\/\/www.austriacult.roma.it\/wp-content\/uploads\/2025\/02\/Fennesz-\u2013-photo-by-Carsten-Nicolai-2-HP-1110x495.jpg"},"bigthumb":{"width":350,"height":350,"mime-type":"image\/jpeg","filesize":15543,"url":"https:\/\/www.austriacult.roma.it\/wp-content\/uploads\/2025\/02\/Fennesz-\u2013-photo-by-Carsten-Nicolai-2-HP-350x350.jpg"},"square-thumb_old_400x400":{"width":400,"height":400,"mime-type":"image\/jpeg","filesize":17992,"url":"https:\/\/www.austriacult.roma.it\/wp-content\/uploads\/2025\/02\/Fennesz-\u2013-photo-by-Carsten-Nicolai-2-HP-400x400.jpg"}}},"all_day":false,"start_date":"2025-03-13 21:30:00","start_date_details":{"year":"2025","month":"03","day":"13","hour":"21","minutes":"30","seconds":"00"},"end_date":"2025-03-13 21:30:00","end_date_details":{"year":"2025","month":"03","day":"13","hour":"21","minutes":"30","seconds":"00"},"utc_start_date":"2025-03-13 20:30:00","utc_start_date_details":{"year":"2025","month":"03","day":"13","hour":"20","minutes":"30","seconds":"00"},"utc_end_date":"2025-03-13 20:30:00","utc_end_date_details":{"year":"2025","month":"03","day":"13","hour":"20","minutes":"30","seconds":"00"},"timezone":"Europe\/Berlin","timezone_abbr":"CET","cost":"","cost_details":{"currency_symbol":"","currency_position":"prefix","values":[]},"website":"","show_map":false,"show_map_link":false,"hide_from_listings":false,"sticky":false,"featured":false,"categories":[{"name":"Programm","slug":"programm","term_group":0,"term_taxonomy_id":37,"taxonomy":"tribe_events_cat","description":"","parent":0,"count":189,"filter":"raw","term_order":"8","id":32,"urls":{"self":"https:\/\/www.austriacult.roma.it\/de\/wp-json\/tribe\/events\/v1\/categories\/32","collection":"https:\/\/www.austriacult.roma.it\/de\/wp-json\/tribe\/events\/v1\/categories"}},{"name":"Musik","slug":"musik","term_group":0,"term_taxonomy_id":19,"taxonomy":"tribe_events_cat","description":"","parent":32,"count":275,"filter":"raw","term_order":"20","id":3,"urls":{"self":"https:\/\/www.austriacult.roma.it\/de\/wp-json\/tribe\/events\/v1\/categories\/3","collection":"https:\/\/www.austriacult.roma.it\/de\/wp-json\/tribe\/events\/v1\/categories","up":"https:\/\/www.austriacult.roma.it\/de\/wp-json\/tribe\/events\/v1\/categories\/32"}}],"tags":[],"venue":{"id":23014,"author":"2","status":"publish","date":"2025-02-25 14:42:19","date_utc":"2025-02-25 13:42:19","modified":"2025-02-25 14:50:25","modified_utc":"2025-02-25 13:50:25","url":"https:\/\/www.austriacult.roma.it\/de\/venue\/neapel-auditorium-novecento-via-enrico-de-marinis-4\/","venue":"Neapel \u2013 AUDITORIUM NOVECENTO, via Enrico De Marinis 4","slug":"napoli-auditorium-novecento-via-enrico-de-marinis-4","json_ld":{"@type":"Place","name":"Neapel \u2013 AUDITORIUM NOVECENTO, via Enrico De Marinis 4","description":"","url":"","address":{"@type":"PostalAddress"},"telephone":"","sameAs":""},"show_map":false,"show_map_link":true,"global_id":"www.austriacult.roma.it\/de?id=23014","global_id_lineage":["www.austriacult.roma.it\/de?id=23014"]},"organizer":[],"json_ld":{"@context":"http:\/\/schema.org","@type":"Event","name":"MOSAIC | Christian Fennesz","description":"&lt;p&gt;Il leggendario sound artist austriaco Christian Fennesz arriva a Napoli per un\u2019esperienza sonora unica. Tra chitarre eteree e atmosfere elettroniche avvolgenti, il suo live dipinge paesaggi sonori di rara intensit\u00e0, sospesi tra melodia e astrazione. A Napoli Fennesz presenter\u00e0 il suo nuovo lavoro, &quot;Mosaic&quot;. Un appuntamento imperdibile per gli amanti della musica ambient. Comunicato stato [&hellip;]&lt;\/p&gt;\\n","image":"https:\/\/www.austriacult.roma.it\/wp-content\/uploads\/2025\/02\/Fennesz-\u2013-photo-by-Carsten-Nicolai-2-HP.jpg","url":"https:\/\/www.austriacult.roma.it\/de\/veranstaltung\/mosaic-christian-fennesz\/","startDate":"2025-03-13T21:30:00+01:00","endDate":"2025-03-13T21:30:00+01:00","location":{"@type":"Place","name":"Neapel \u2013 AUDITORIUM NOVECENTO, via Enrico De Marinis 4","description":"","url":"","address":{"@type":"PostalAddress"},"telephone":"","sameAs":""},"performer":"Organization"}}