{"id":19917,"global_id":"www.austriacult.roma.it\/de?id=19917","global_id_lineage":["www.austriacult.roma.it\/de?id=19917"],"author":"2","status":"publish","date":"2024-06-27 13:25:12","date_utc":"2024-06-27 11:25:12","modified":"2024-06-27 13:26:28","modified_utc":"2024-06-27 11:26:28","url":"https:\/\/www.austriacult.roma.it\/de\/veranstaltung\/la-guarimba-international-film-festival-4\/","rest_url":"https:\/\/www.austriacult.roma.it\/de\/wp-json\/tribe\/events\/v1\/events\/19917","title":"LA GUARIMBA INTERNATIONAL FILM FESTIVAL","description":"<p class=\"qtranxs-available-languages-message qtranxs-available-languages-message-de\">Leider ist der Eintrag nur auf <a href=\"https:\/\/www.austriacult.roma.it\/it\/wp-json\/tribe\/events\/v1\/events\/19917\" class=\"qtranxs-available-language-link qtranxs-available-language-link-it\" title=\"Italiano\">Italiano<\/a> verf\u00fcgbar. Der Inhalt wird unten in einer verf\u00fcgbaren Sprache angezeigt. Klicken Sie auf den Link, um die aktuelle Sprache zu \u00e4ndern.<\/p><p><\/p>\n<p style=\"text-align: justify;\"><strong>La Guarimba International Film Festival<\/strong> \u00e8 a livello mondiale uno dei festival pi\u00f9 importanti a per quanto riguarda i cortometraggi. Giunto alla sua 12\u00b0 edizione, presenta anche quest\u2019anno i lavori di registi austriaci che partecipano al concorso nelle rispettive sezioni:<\/p>\n<p>&nbsp;<\/p>\n<p style=\"text-align: justify;\">(Music Videos)<\/p>\n<p style=\"text-align: justify;\"><strong>MY GRANDMA SAYS WE HAVE NO FUTURE<\/strong>, di Rupert H\u00f6ller (2023 | 3\u2032)<\/p>\n<p style=\"text-align: justify;\">Musica di CARI CARI<\/p>\n<p>&nbsp;<\/p>\n<p style=\"text-align: justify;\">(Dance!)<\/p>\n<p style=\"text-align: justify;\"><strong>SHAKE STEW<\/strong>, di Rupert H\u00f6ller (2023 | 4\u2032)<\/p>\n<p style=\"text-align: justify;\">Un video di danza surreale in cui una ballerina si fonde con un paesaggio di palme e cactus.<\/p>\n<p>&nbsp;<\/p>\n<p style=\"text-align: justify;\">(La Grotta dei Piccoli)<\/p>\n<p style=\"text-align: justify;\"><strong>THE MISSING SPOTS<\/strong>, di Astrid Rothaug (2023 | 3\u2032)<\/p>\n<p>&nbsp;<\/p>\n<p style=\"text-align: justify;\">Per maggiori info: <span style=\"color: #0000ff;\"><a style=\"color: #0000ff;\" href=\"http:\/\/www.laguarimba.com\">www.laguarimba.com<\/a><\/span><\/p>\n<p style=\"text-align: justify;\">\u00a0<\/p>\n<p><\/p>","excerpt":"","slug":"la-guarimba-international-film-festival-4","image":{"url":"https:\/\/www.austriacult.roma.it\/wp-content\/uploads\/2024\/06\/c-Courtesy-of-La-Guarimba-International-Film-Festival.png","id":19918,"extension":"png","width":800,"height":296,"filesize":332043,"sizes":{"square-thumb":{"width":350,"height":350,"mime-type":"image\/png","filesize":51167,"url":"https:\/\/www.austriacult.roma.it\/wp-content\/uploads\/2024\/06\/c-Courtesy-of-La-Guarimba-International-Film-Festival-350x350.png"},"thumbnail":{"width":150,"height":150,"mime-type":"image\/png","filesize":36564,"url":"https:\/\/www.austriacult.roma.it\/wp-content\/uploads\/2024\/06\/c-Courtesy-of-La-Guarimba-International-Film-Festival-150x150.png"},"1536x1536":{"width":1536,"height":1536,"mime-type":"image\/png","filesize":1677445,"url":"https:\/\/www.austriacult.roma.it\/wp-content\/uploads\/2024\/06\/c-Courtesy-of-La-Guarimba-International-Film-Festival-1536x1536.png"},"2048x2048":{"width":2048,"height":2048,"mime-type":"image\/png","filesize":2562396,"url":"https:\/\/www.austriacult.roma.it\/wp-content\/uploads\/2024\/06\/c-Courtesy-of-La-Guarimba-International-Film-Festival-2048x2048.png"},"vp_sm":{"width":500,"height":9999,"mime-type":"image\/png","filesize":1820067,"url":"https:\/\/www.austriacult.roma.it\/wp-content\/uploads\/2024\/06\/c-Courtesy-of-La-Guarimba-International-Film-Festival-500x9999.png"},"vp_md":{"width":800,"height":9999,"mime-type":"image\/png","filesize":2555408,"url":"https:\/\/www.austriacult.roma.it\/wp-content\/uploads\/2024\/06\/c-Courtesy-of-La-Guarimba-International-Film-Festival-800x9999.png"},"vp_lg":{"width":1280,"height":9999,"mime-type":"image\/png","filesize":4327566,"url":"https:\/\/www.austriacult.roma.it\/wp-content\/uploads\/2024\/06\/c-Courtesy-of-La-Guarimba-International-Film-Festival-1280x9999.png"},"vp_xl":{"width":1920,"height":9999,"mime-type":"image\/png","filesize":6201280,"url":"https:\/\/www.austriacult.roma.it\/wp-content\/uploads\/2024\/06\/c-Courtesy-of-La-Guarimba-International-Film-Festival-1920x9999.png"},"vp_sm_popup":{"width":500,"height":9999,"mime-type":"image\/png","filesize":1820067,"url":"https:\/\/www.austriacult.roma.it\/wp-content\/uploads\/2024\/06\/c-Courtesy-of-La-Guarimba-International-Film-Festival-500x9999.png"},"vp_md_popup":{"width":800,"height":9999,"mime-type":"image\/png","filesize":2555408,"url":"https:\/\/www.austriacult.roma.it\/wp-content\/uploads\/2024\/06\/c-Courtesy-of-La-Guarimba-International-Film-Festival-800x9999.png"},"vp_xl_popup":{"width":1920,"height":9999,"mime-type":"image\/png","filesize":6201280,"url":"https:\/\/www.austriacult.roma.it\/wp-content\/uploads\/2024\/06\/c-Courtesy-of-La-Guarimba-International-Film-Festival-1920x9999.png"},"list":{"width":734,"height":300,"mime-type":"image\/png","filesize":283307,"url":"https:\/\/www.austriacult.roma.it\/wp-content\/uploads\/2024\/06\/c-Courtesy-of-La-Guarimba-International-Film-Festival-734x300.png"},"carousel":{"width":1110,"height":495,"mime-type":"image\/png","filesize":559776,"url":"https:\/\/www.austriacult.roma.it\/wp-content\/uploads\/2024\/06\/c-Courtesy-of-La-Guarimba-International-Film-Festival-1110x495.png"},"bigthumb":{"width":350,"height":350,"mime-type":"image\/png","filesize":147401,"url":"https:\/\/www.austriacult.roma.it\/wp-content\/uploads\/2024\/06\/c-Courtesy-of-La-Guarimba-International-Film-Festival-350x350.png"},"square-thumb_old_400x400":{"width":400,"height":400,"mime-type":"image\/png","filesize":62624,"url":"https:\/\/www.austriacult.roma.it\/wp-content\/uploads\/2024\/06\/c-Courtesy-of-La-Guarimba-International-Film-Festival-400x400.png"}}},"all_day":true,"start_date":"2024-08-07 00:00:00","start_date_details":{"year":"2024","month":"08","day":"07","hour":"00","minutes":"00","seconds":"00"},"end_date":"2024-08-12 23:59:59","end_date_details":{"year":"2024","month":"08","day":"12","hour":"23","minutes":"59","seconds":"59"},"utc_start_date":"2024-08-06 22:00:00","utc_start_date_details":{"year":"2024","month":"08","day":"06","hour":"22","minutes":"00","seconds":"00"},"utc_end_date":"2024-08-12 21:59:59","utc_end_date_details":{"year":"2024","month":"08","day":"12","hour":"21","minutes":"59","seconds":"59"},"timezone":"Europe\/Berlin","timezone_abbr":"CEST","cost":"","cost_details":{"currency_symbol":"","currency_position":"prefix","values":[]},"website":"","show_map":false,"show_map_link":false,"hide_from_listings":false,"sticky":false,"featured":false,"categories":[{"name":"Programm","slug":"programm","term_group":0,"term_taxonomy_id":37,"taxonomy":"tribe_events_cat","description":"","parent":0,"count":189,"filter":"raw","term_order":"8","id":32,"urls":{"self":"https:\/\/www.austriacult.roma.it\/de\/wp-json\/tribe\/events\/v1\/categories\/32","collection":"https:\/\/www.austriacult.roma.it\/de\/wp-json\/tribe\/events\/v1\/categories"}},{"name":"Film","slug":"kino","term_group":0,"term_taxonomy_id":24,"taxonomy":"tribe_events_cat","description":"","parent":32,"count":175,"filter":"raw","term_order":"17","id":8,"urls":{"self":"https:\/\/www.austriacult.roma.it\/de\/wp-json\/tribe\/events\/v1\/categories\/8","collection":"https:\/\/www.austriacult.roma.it\/de\/wp-json\/tribe\/events\/v1\/categories","up":"https:\/\/www.austriacult.roma.it\/de\/wp-json\/tribe\/events\/v1\/categories\/32"}}],"tags":[],"venue":{"id":9043,"author":"2","status":"publish","date":"2020-07-15 16:59:23","date_utc":"2020-07-15 14:59:23","modified":"2020-07-15 16:59:23","modified_utc":"2020-07-15 14:59:23","url":"https:\/\/www.austriacult.roma.it\/de\/venue\/amantea-kalabrien\/","venue":"Amantea (Kalabrien)","slug":"amantea-calabria","json_ld":{"@type":"Place","name":"Amantea (Kalabrien)","description":"","url":"","address":{"@type":"PostalAddress"},"telephone":"","sameAs":""},"show_map":false,"show_map_link":true,"global_id":"www.austriacult.roma.it\/de?id=9043","global_id_lineage":["www.austriacult.roma.it\/de?id=9043"]},"organizer":[],"json_ld":{"@context":"http:\/\/schema.org","@type":"Event","name":"LA GUARIMBA INTERNATIONAL FILM FESTIVAL","description":"&lt;p&gt;La Guarimba International Film Festival \u00e8 a livello mondiale uno dei festival pi\u00f9 importanti a per quanto riguarda i cortometraggi. Giunto alla sua 12\u00b0 edizione, presenta anche quest\u2019anno i lavori di registi austriaci che partecipano al concorso nelle rispettive sezioni: &nbsp; (Music Videos) MY GRANDMA SAYS WE HAVE NO FUTURE, di Rupert H\u00f6ller (2023 | [&hellip;]&lt;\/p&gt;\\n","image":"https:\/\/www.austriacult.roma.it\/wp-content\/uploads\/2024\/06\/c-Courtesy-of-La-Guarimba-International-Film-Festival.png","url":"https:\/\/www.austriacult.roma.it\/de\/veranstaltung\/la-guarimba-international-film-festival-4\/","startDate":"2024-08-07T00:00:00+02:00","endDate":"2024-08-12T23:59:59+02:00","location":{"@type":"Place","name":"Amantea (Kalabrien)","description":"","url":"","address":{"@type":"PostalAddress"},"telephone":"","sameAs":""},"performer":"Organization"}}