{"id":13192,"global_id":"www.austriacult.roma.it\/de?id=13192","global_id_lineage":["www.austriacult.roma.it\/de?id=13192"],"author":"2","status":"publish","date":"2023-05-25 14:12:47","date_utc":"2023-05-25 12:12:47","modified":"2023-05-26 15:58:17","modified_utc":"2023-05-26 13:58:17","url":"https:\/\/www.austriacult.roma.it\/de\/veranstaltung\/escluder_e_sclusioni-niente-ma-specialmente\/","rest_url":"https:\/\/www.austriacult.roma.it\/de\/wp-json\/tribe\/events\/v1\/events\/13192","title":"ESCLUDER_E_SCLUSIONI: NIENTE MA SPECIALMENTE\u2026","description":"<p><\/p>\n<p>Dieses Theaterst\u00fcck ist die Fortsetzung eines Projekts, das im November 2022 im Rahmen des Festivals <strong>Quartieri di Vita. Life infected with Social Theatre!<\/strong> f\u00fcr Bildung und soziales Theater in Kampanien begann. Der \u00f6sterreichische Regisseur <strong>Roman Wegmann<\/strong> und <strong>Enzo Mirone<\/strong> von der Cooperativa Sociale Immaginaria arbeiteten dort zwei Wochen lang mit einer Gruppe behinderter Menschen und Migranten. Und das sagen die Protagonisten selbst \u00fcber ihr St\u00fcck: <br \/>\n\u201cWir schaffen einen Ort und eine Zeit der Freiheit, einen Ort zum Nachdenken und zum W\u00fcnschen. Ein Schritt von der Gemeinschaft zum Einzelnen, ein Bewusstwerdungsprozess von der Masse hin zum Menschen. Ein Versuch, unsere Kollegen als Menschen in den Vordergrund zu stellen, denn jeder ist etwas Besonderes. <br \/>\nIm \u201cTun\u201d suchen, finden und finden wir uns. Es beginnt mit dem Abstecken des Gel\u00e4ndes, wo unsere Arbeit wachsen und gedeihen, wo Leben und Traum stattfinden sollen. Ort und Zeit, um \u00fcber unseren Platz in der Gesellschaft nachzudenken. Und wenn uns die Gesellschaft nur Klischees anbietet? Wenn sie nur H\u00fcrden und Vorurteile bereit h\u00e4lt? Was treibt uns an, zu tun, zu denken und zu leben? In gegenseitigem Respekt definieren wir Themen und Bedingungen, mit denen wir gemeinsam an diesem Projekt arbeiten, frei nach dem Motto von Augusto Boal: \u201cAct, don\u2019t discuss!\u201d.<\/p>\n<p>Ein Projekt von <strong>Scuola Civica Alma C\u2019Arte<\/strong> (Sant\u2019Angelo a Cupolo) und <strong>Solo Compagnia di Teatro<\/strong> (Benevento).<br \/>\n<strong>Regie<\/strong>\u00a0Enzo Mirone und Roman Wegmann <br \/>\nMit\u00a0<strong>Ilaria Masiello, Consuelo Giangregorio, Francesca di Giacco, Chiara Varicchio, Emanuele Petrignani, Germana Mignone, Silvia Morlando, Anna Olimpia Caruso, Mariano Parente, Shamayet Maher Ahmad,\u00a0 Francesca de Michele<\/strong> <br \/>\nProduktion <strong>Cooperativa Sociale Immaginaria<\/strong><\/p>\n<p>Infos zur Auff\u00fchrung:<br \/>\n<a href=\"https:\/\/campaniateatrofestival.it\/spettacolo\/escluder_e_sclusioni-niente-ma-specialmente\/\"><span style=\"text-decoration: underline;\"><span style=\"color: #0000ff; text-decoration: underline;\">https:\/\/campaniateatrofestival.it\/spettacolo\/escluder_e_sclusioni-niente-ma-specialmente\/<\/span><\/span><\/a><\/p>\n<p>Info zum Projekt:<br \/>\n<span style=\"text-decoration: underline;\"><span style=\"color: #0000ff;\"><a style=\"color: #0000ff; text-decoration: underline;\" href=\"https:\/\/www.austriacult.roma.it\/evento\/roman-wegmann\/\">https:\/\/www.austriacult.roma.it\/evento\/roman-wegmann\/<\/a><\/span><\/span><\/p>\n<p><\/p>","excerpt":"","slug":"escluder_e_sclusioni-niente-ma-specialmente","image":{"url":"https:\/\/www.austriacult.roma.it\/wp-content\/uploads\/2023\/05\/foto-c-Coop-Soc-Immaginaria_cut.jpg","id":13199,"extension":"jpg","width":2473,"height":2156,"filesize":887147,"sizes":{"square-thumb":{"width":350,"height":350,"mime-type":"image\/jpeg","filesize":50492,"url":"https:\/\/www.austriacult.roma.it\/wp-content\/uploads\/2023\/05\/foto-c-Coop-Soc-Immaginaria_cut-350x350.jpg"},"thumbnail":{"width":150,"height":150,"mime-type":"image\/jpeg","filesize":35988,"url":"https:\/\/www.austriacult.roma.it\/wp-content\/uploads\/2023\/05\/foto-c-Coop-Soc-Immaginaria_cut-150x150.jpg"},"1536x1536":{"width":1536,"height":1536,"mime-type":"image\/jpeg","filesize":264999,"url":"https:\/\/www.austriacult.roma.it\/wp-content\/uploads\/2023\/05\/foto-c-Coop-Soc-Immaginaria_cut-1536x1536.jpg"},"2048x2048":{"width":2048,"height":2048,"mime-type":"image\/jpeg","filesize":434224,"url":"https:\/\/www.austriacult.roma.it\/wp-content\/uploads\/2023\/05\/foto-c-Coop-Soc-Immaginaria_cut-2048x2048.jpg"},"vp_sm":{"width":500,"height":9999,"mime-type":"image\/jpeg","filesize":476016,"url":"https:\/\/www.austriacult.roma.it\/wp-content\/uploads\/2023\/05\/foto-c-Coop-Soc-Immaginaria_cut-500x9999.jpg"},"vp_md":{"width":800,"height":9999,"mime-type":"image\/jpeg","filesize":671656,"url":"https:\/\/www.austriacult.roma.it\/wp-content\/uploads\/2023\/05\/foto-c-Coop-Soc-Immaginaria_cut-800x9999.jpg"},"vp_lg":{"width":1280,"height":9999,"mime-type":"image\/jpeg","filesize":984798,"url":"https:\/\/www.austriacult.roma.it\/wp-content\/uploads\/2023\/05\/foto-c-Coop-Soc-Immaginaria_cut-1280x9999.jpg"},"vp_xl":{"width":1920,"height":9999,"mime-type":"image\/jpeg","filesize":1391328,"url":"https:\/\/www.austriacult.roma.it\/wp-content\/uploads\/2023\/05\/foto-c-Coop-Soc-Immaginaria_cut-1920x9999.jpg"},"vp_sm_popup":{"width":500,"height":9999,"mime-type":"image\/jpeg","filesize":476016,"url":"https:\/\/www.austriacult.roma.it\/wp-content\/uploads\/2023\/05\/foto-c-Coop-Soc-Immaginaria_cut-500x9999.jpg"},"vp_md_popup":{"width":800,"height":9999,"mime-type":"image\/jpeg","filesize":671656,"url":"https:\/\/www.austriacult.roma.it\/wp-content\/uploads\/2023\/05\/foto-c-Coop-Soc-Immaginaria_cut-800x9999.jpg"},"vp_xl_popup":{"width":1920,"height":9999,"mime-type":"image\/jpeg","filesize":1391328,"url":"https:\/\/www.austriacult.roma.it\/wp-content\/uploads\/2023\/05\/foto-c-Coop-Soc-Immaginaria_cut-1920x9999.jpg"},"list":{"width":734,"height":300,"mime-type":"image\/jpeg","filesize":58176,"url":"https:\/\/www.austriacult.roma.it\/wp-content\/uploads\/2023\/05\/foto-c-Coop-Soc-Immaginaria_cut-734x300.jpg"},"carousel":{"width":1110,"height":495,"mime-type":"image\/jpeg","filesize":87806,"url":"https:\/\/www.austriacult.roma.it\/wp-content\/uploads\/2023\/05\/foto-c-Coop-Soc-Immaginaria_cut-1110x495.jpg"},"bigthumb":{"width":350,"height":350,"mime-type":"image\/jpeg","filesize":50492,"url":"https:\/\/www.austriacult.roma.it\/wp-content\/uploads\/2023\/05\/foto-c-Coop-Soc-Immaginaria_cut-350x350.jpg"},"square-thumb_old_400x400":{"width":400,"height":400,"mime-type":"image\/jpeg","filesize":54924,"url":"https:\/\/www.austriacult.roma.it\/wp-content\/uploads\/2023\/05\/foto-c-Coop-Soc-Immaginaria_cut-400x400.jpg"}}},"all_day":false,"start_date":"2023-06-25 20:00:00","start_date_details":{"year":"2023","month":"06","day":"25","hour":"20","minutes":"00","seconds":"00"},"end_date":"2023-06-25 20:00:00","end_date_details":{"year":"2023","month":"06","day":"25","hour":"20","minutes":"00","seconds":"00"},"utc_start_date":"2023-06-25 18:00:00","utc_start_date_details":{"year":"2023","month":"06","day":"25","hour":"18","minutes":"00","seconds":"00"},"utc_end_date":"2023-06-25 18:00:00","utc_end_date_details":{"year":"2023","month":"06","day":"25","hour":"18","minutes":"00","seconds":"00"},"timezone":"Europe\/Berlin","timezone_abbr":"CEST","cost":"","cost_details":{"currency_symbol":"","currency_position":"prefix","values":[]},"website":"","show_map":false,"show_map_link":false,"hide_from_listings":false,"sticky":false,"featured":false,"categories":[],"tags":[],"venue":{"id":13194,"author":"2","status":"publish","date":"2023-05-25 14:12:47","date_utc":"2023-05-25 12:12:47","modified":"2023-06-06 15:49:15","modified_utc":"2023-06-06 13:49:15","url":"https:\/\/www.austriacult.roma.it\/de\/venue\/neapel-teatro-trianon-viviani\/","venue":"Neapel &#8211; Teatro Trianon Viviani, Piazza Vincenzo Calenda 9","slug":"santangelo-a-cupolo-teatro-trianon-viviani","json_ld":{"@type":"Place","name":"Neapel &#8211; Teatro Trianon Viviani, Piazza Vincenzo Calenda 9","description":"","url":"","address":{"@type":"PostalAddress"},"telephone":"","sameAs":""},"show_map":false,"show_map_link":true,"global_id":"www.austriacult.roma.it\/de?id=13194","global_id_lineage":["www.austriacult.roma.it\/de?id=13194"]},"organizer":[],"json_ld":{"@context":"http:\/\/schema.org","@type":"Event","name":"ESCLUDER_E_SCLUSIONI: NIENTE MA SPECIALMENTE\u2026","description":"&lt;p&gt;Questo spettacolo \u00e8 la continuazione di un progetto iniziato nel novembre 2022 nell\u2019ambito del progetto \u201eQuartieri di Vita. Life infected with Social Theatre!\u201c, \u00a0il festival di formazione e teatro sociale di EU National Institutes for Culture, rappresentato in Italia dalle sedi di Roma e Napoli, e di Fondazione Campania die Festival. Il regista austriaco Roman [&hellip;]&lt;\/p&gt;\\n","image":"https:\/\/www.austriacult.roma.it\/wp-content\/uploads\/2023\/05\/foto-c-Coop-Soc-Immaginaria_cut.jpg","url":"https:\/\/www.austriacult.roma.it\/de\/veranstaltung\/escluder_e_sclusioni-niente-ma-specialmente\/","startDate":"2023-06-25T20:00:00+02:00","endDate":"2023-06-25T20:00:00+02:00","location":{"@type":"Place","name":"Neapel &#8211; Teatro Trianon Viviani, Piazza Vincenzo Calenda 9","description":"","url":"","address":{"@type":"PostalAddress"},"telephone":"","sameAs":""},"performer":"Organization"}}