{"id":10747,"global_id":"www.austriacult.roma.it\/de?id=10747","global_id_lineage":["www.austriacult.roma.it\/de?id=10747"],"author":"2","status":"publish","date":"2021-07-22 09:22:03","date_utc":"2021-07-22 07:22:03","modified":"2021-09-06 09:32:38","modified_utc":"2021-09-06 07:32:38","url":"https:\/\/www.austriacult.roma.it\/de\/veranstaltung\/beatrix-milena-czernovsky-und-lilith-kraxner\/","rest_url":"https:\/\/www.austriacult.roma.it\/de\/wp-json\/tribe\/events\/v1\/events\/10747","title":"BEATRIX | Milena Czernovsky und Lilith Kraxner","description":"<p><\/p>\n<p>Der Spielfilm BEATRIX von Milena Czernovsky und Lilith Kraxner ist der diesj\u00e4hrige \u00f6sterreichische Beitrag zum Sicilia Queer Filmfest.<\/p>\n<p><strong>Inhalt<\/strong><br \/>\nAm Ende bleibt Beatrix nichts anderes \u00fcbrig, als einen Sommer allein in einem Haus zu verbringen. Zum ersten Mal v\u00f6llig unbeobachtet, beginnt sie, sich selbst zu beobachten und wird dabei mit ihrem Innenleben und ihren Unsicherheit konfrontiert. W\u00e4hrend verschiedene Charaktere ihre selbst geschaffene Welt betreten und wieder verlassen, beginnt sie, alle Erwartungen sausen zu lassen und ihren Impulsen zu folgen. In sieben Episoden begleiten wir Beatrix in ihren t\u00e4glichen Alltagsdramen zwischen Langeweile, Zeitvertreib und Einsamkeit.<br \/>\nFilm in Originalsprache mit italienischen Untertiteln.<\/p>\n<p><strong>Milena Czernovsky<\/strong>, geboren 1993 in Graz, studiert seit\u00a0 2016 B\u00fchnen- und Filmgestaltung an der Universit\u00e4t f\u00fcr angewandte Kunst in Wien. Ihre Arbeiten bewegen sich zwischen B\u00fchne, Installation und Film.<br \/>\n<strong>Lilith Kraxner, <\/strong>geboren 1995 in Pichling, lebt und arbeitet in Wien. Nach zweij\u00e4hriger Ausbildung an der Schule Friedl Kubelka f\u00fcr unabh\u00e4ngigen Film studiert sie seit 2018 an der Akademie der bildenden K\u00fcnste in der Klasse f\u00fcr Video und Videoinstallation.<\/p>\n<p>Weiterer \u00f6sterreichischer Film im Bewerb <strong><a href=\"http:\/\/www.siciliaqueerfilmfest.it\/edizioni\/sicilia-queer-2021\/queer-short-2021\">Queershort<\/a>:<\/strong><\/p>\n<p>\nDer <strong>Kurzfilm &#8222;<a href=\"http:\/\/www.siciliaqueerfilmfest.it\/edizioni\/sicilia-queer-2021\/queer-short-2021\/the-institute\">The Institute<\/a>&#8220; von Alexander Glandien<\/strong> (Germania-Austria 2020, 3\u2019, Originalfassung mit ital. Untertiteln) wird am <strong>9. September, 18.00 Uhr<\/strong>, im Cinema De Seta in italienischer Erstauff\u00fchrung gezeigt.<\/p>\n<p>Weitere Infos: <a href=\"http:\/\/www.siciliaqueerfilmfest.it\/\">http:\/\/www.siciliaqueerfilmfest.it\/<\/a><\/p>\n<p>&nbsp;<\/p>\n<p><\/p>","excerpt":"","slug":"beatrix-milena-czernovsky-e-lilith-kraxner-v-o-con-sottotitoli-in-italiano","image":{"url":"https:\/\/www.austriacult.roma.it\/wp-content\/uploads\/2021\/07\/Still_BEATRIX_01.jpg","id":10749,"extension":"jpg","width":1422,"height":1080,"filesize":1298856,"sizes":{"square-thumb":{"width":350,"height":350,"mime-type":"image\/jpeg","filesize":27123,"url":"https:\/\/www.austriacult.roma.it\/wp-content\/uploads\/2021\/07\/Still_BEATRIX_01-350x350.jpg"},"thumbnail":{"width":150,"height":150,"mime-type":"image\/jpeg","filesize":6519,"url":"https:\/\/www.austriacult.roma.it\/wp-content\/uploads\/2021\/07\/Still_BEATRIX_01-150x150.jpg"},"1536x1536":{"width":1536,"height":1536,"mime-type":"image\/jpeg","filesize":393138,"url":"https:\/\/www.austriacult.roma.it\/wp-content\/uploads\/2021\/07\/Still_BEATRIX_01-1536x1536.jpg"},"2048x2048":{"width":2048,"height":2048,"mime-type":"image\/jpeg","filesize":613019,"url":"https:\/\/www.austriacult.roma.it\/wp-content\/uploads\/2021\/07\/Still_BEATRIX_01-2048x2048.jpg"},"vp_sm":{"width":500,"height":9999,"mime-type":"image\/jpeg","filesize":647947,"url":"https:\/\/www.austriacult.roma.it\/wp-content\/uploads\/2021\/07\/Still_BEATRIX_01-500x9999.jpg"},"vp_md":{"width":800,"height":9999,"mime-type":"image\/jpeg","filesize":985334,"url":"https:\/\/www.austriacult.roma.it\/wp-content\/uploads\/2021\/07\/Still_BEATRIX_01-800x9999.jpg"},"vp_lg":{"width":1280,"height":9999,"mime-type":"image\/jpeg","filesize":1491327,"url":"https:\/\/www.austriacult.roma.it\/wp-content\/uploads\/2021\/07\/Still_BEATRIX_01-1280x9999.jpg"},"vp_xl":{"width":1920,"height":9999,"mime-type":"image\/jpeg","filesize":2015865,"url":"https:\/\/www.austriacult.roma.it\/wp-content\/uploads\/2021\/07\/Still_BEATRIX_01-1920x9999.jpg"},"vp_sm_popup":{"width":500,"height":9999,"mime-type":"image\/jpeg","filesize":647947,"url":"https:\/\/www.austriacult.roma.it\/wp-content\/uploads\/2021\/07\/Still_BEATRIX_01-500x9999.jpg"},"vp_md_popup":{"width":800,"height":9999,"mime-type":"image\/jpeg","filesize":985334,"url":"https:\/\/www.austriacult.roma.it\/wp-content\/uploads\/2021\/07\/Still_BEATRIX_01-800x9999.jpg"},"vp_xl_popup":{"width":1920,"height":9999,"mime-type":"image\/jpeg","filesize":2015865,"url":"https:\/\/www.austriacult.roma.it\/wp-content\/uploads\/2021\/07\/Still_BEATRIX_01-1920x9999.jpg"},"list":{"width":734,"height":300,"mime-type":"image\/jpeg","filesize":47612,"url":"https:\/\/www.austriacult.roma.it\/wp-content\/uploads\/2021\/07\/Still_BEATRIX_01-734x300.jpg"},"carousel":{"width":1110,"height":495,"mime-type":"image\/jpeg","filesize":106623,"url":"https:\/\/www.austriacult.roma.it\/wp-content\/uploads\/2021\/07\/Still_BEATRIX_01-1110x495.jpg"},"bigthumb":{"width":350,"height":350,"mime-type":"image\/jpeg","filesize":27123,"url":"https:\/\/www.austriacult.roma.it\/wp-content\/uploads\/2021\/07\/Still_BEATRIX_01-350x350.jpg"},"square-thumb_old_400x400":{"width":400,"height":400,"mime-type":"image\/jpeg","filesize":34081,"url":"https:\/\/www.austriacult.roma.it\/wp-content\/uploads\/2021\/07\/Still_BEATRIX_01-400x400.jpg"}}},"all_day":false,"start_date":"2021-09-10 18:00:00","start_date_details":{"year":"2021","month":"09","day":"10","hour":"18","minutes":"00","seconds":"00"},"end_date":"2021-09-10 18:00:00","end_date_details":{"year":"2021","month":"09","day":"10","hour":"18","minutes":"00","seconds":"00"},"utc_start_date":"2021-09-10 16:00:00","utc_start_date_details":{"year":"2021","month":"09","day":"10","hour":"16","minutes":"00","seconds":"00"},"utc_end_date":"2021-09-10 16:00:00","utc_end_date_details":{"year":"2021","month":"09","day":"10","hour":"16","minutes":"00","seconds":"00"},"timezone":"Europe\/Berlin","timezone_abbr":"CEST","cost":"","cost_details":{"currency_symbol":"","currency_position":"prefix","values":[]},"website":"","show_map":false,"show_map_link":false,"hide_from_listings":false,"sticky":false,"featured":false,"categories":[],"tags":[],"venue":{"id":9106,"author":"2","status":"publish","date":"2021-07-22 09:24:52","date_utc":"2021-07-22 07:24:52","modified":"2021-07-22 09:24:52","modified_utc":"2021-07-22 07:24:52","url":"https:\/\/www.austriacult.roma.it\/de\/venue\/palermo-cantieri-culturali-alla-zisa-cinema-de-seta\/","venue":"Palermo \u2013 Cantieri Culturali alla Zisa (Cinema De Seta)","slug":"palermo-cantieri-culturali-alla-zisa-cinema-de-seta","json_ld":{"@type":"Place","name":"Palermo \u2013 Cantieri Culturali alla Zisa (Cinema De Seta)","description":"","url":"","address":{"@type":"PostalAddress"},"telephone":"","sameAs":""},"show_map":true,"show_map_link":true,"global_id":"www.austriacult.roma.it\/de?id=9106","global_id_lineage":["www.austriacult.roma.it\/de?id=9106"]},"organizer":[],"json_ld":{"@context":"http:\/\/schema.org","@type":"Event","name":"BEATRIX | Milena Czernovsky und Lilith Kraxner","description":"&lt;p&gt;L\u2019undicesima edizione del Sicilia Queer Filmfest presenta in prima italiana BEATRIX, il lungometraggio di Milena Czernovsky e Lilith Kraxner. Sinossi Alla fine Beatrix non ha altra scelta che passare l\u2019estate da sola in una casa. Per la prima volta inizia a osservare se stessa e si confronta con la sua vita interiore e le sue [&hellip;]&lt;\/p&gt;\\n","image":"https:\/\/www.austriacult.roma.it\/wp-content\/uploads\/2021\/07\/Still_BEATRIX_01.jpg","url":"https:\/\/www.austriacult.roma.it\/de\/veranstaltung\/beatrix-milena-czernovsky-und-lilith-kraxner\/","startDate":"2021-09-10T18:00:00+02:00","endDate":"2021-09-10T18:00:00+02:00","location":{"@type":"Place","name":"Palermo \u2013 Cantieri Culturali alla Zisa (Cinema De Seta)","description":"","url":"","address":{"@type":"PostalAddress"},"telephone":"","sameAs":""},"performer":"Organization"}}